{"id":194510,"date":"2025-09-19T14:37:26","date_gmt":"2025-09-19T20:37:26","guid":{"rendered":"https:\/\/nvnoticias.mx\/?p=194510"},"modified":"2025-09-19T14:37:29","modified_gmt":"2025-09-19T20:37:29","slug":"revelan-el-primer-trailer-de-the-housemaid","status":"publish","type":"post","link":"https:\/\/nvnoticias.mx\/index.php\/2025\/09\/19\/revelan-el-primer-trailer-de-the-housemaid\/","title":{"rendered":"Revelan el primer tr\u00e1iler de \u201cThe Housemaid&#8221;"},"content":{"rendered":"\n<p>El primer avance de\u00a0<em><strong>La empleada<\/strong>,\u00a0<\/em>el nuevo thriller psicol\u00f3gico dirigido por\u00a0<strong>Paul Feig<\/strong>, anticipa una historia cargada de tensi\u00f3n y secretos, con\u00a0<strong>Sydney Sweeney<\/strong>\u00a0y\u00a0<strong>Amanda Seyfried<\/strong>\u00a0como protagonistas. La pel\u00edcula, que adapta la exitosa novela de\u00a0<strong>Freida McFadden<\/strong>, llegar\u00e1 a los cines el\u00a0<strong>19 de diciembre de 2025 en EEUU y el 1 de enero de 2026 en Argentina.<\/strong><a href=\"https:\/\/www.infobae.com\/que-puedo-ver\/2025\/09\/19\/la-diplomatica-llega-la-tercera-temporada-y-revela-un-escenario-de-crisis-internacional-con-tensiones-ineditas-entre-eeuu-y-reino-unido\/\" target=\"_blank\" rel=\"noreferrer noopener\"><\/a><\/p>\n\n\n\n<p>En esta producci\u00f3n,&nbsp;<strong>Sweeney<\/strong>&nbsp;interpreta a&nbsp;<strong>Millie<\/strong>, una joven que, tras salir de prisi\u00f3n, busca rehacer su vida y acepta un puesto como empleada dom\u00e9stica en la lujosa residencia de la familia&nbsp;<strong>Winchester<\/strong>. La aparente estabilidad que encuentra en su nuevo empleo se desvanece r\u00e1pidamente cuando comienza a descubrir el lado oscuro de sus empleadores, interpretados por&nbsp;<strong>Seyfried<\/strong>&nbsp;y&nbsp;<strong>Brandon Sklenar<\/strong>. A medida que Millie se integra en la din\u00e1mica familiar, la fachada de perfecci\u00f3n se resquebraja y emergen secretos y esc\u00e1ndalos que amenazan su integridad f\u00edsica y mental.<\/p>\n\n\n\n<p>La adaptaci\u00f3n cinematogr\u00e1fica de\u00a0<strong>\u201cThe Housemaid\u201d<\/strong>\u00a0ha sido escrita por\u00a0<strong>Rebecca Sonnenshine<\/strong>, reconocida por su trabajo en series como\u00a0<em>The Boys<\/em>\u00a0y\u00a0<em>The Vampire Diaries<\/em>, y cuenta con la producci\u00f3n de\u00a0<strong>Todd Lieberman<\/strong>,\u00a0<strong>Laura Fischer<\/strong>\u00a0y el propio\u00a0<strong>Feig<\/strong>, seg\u00fan detall\u00f3\u00a0<em>Deadline<\/em>. El elenco se completa con\u00a0<strong>Michele Morrone<\/strong>\u00a0y\u00a0<strong>Elizabeth Perkins<\/strong>, quienes aportan nuevas capas de complejidad a la trama.<a href=\"https:\/\/www.infobae.com\/teleshow\/2025\/09\/19\/karina-jelinek-anuncio-su-separacion-de-flor-parise-el-contundente-mensaje-que-despues-borro\/\" target=\"_blank\" rel=\"noreferrer noopener\"><\/a><\/p>\n\n\n\n<p>Durante la presentaci\u00f3n del tr\u00e1iler en&nbsp;<strong>CinemaCon 2025<\/strong>,&nbsp;<strong>Feig<\/strong>&nbsp;subray\u00f3 el desaf\u00edo de trasladar la atm\u00f3sfera opresiva y los giros inesperados de la novela al lenguaje cinematogr\u00e1fico. \u201cLa tensi\u00f3n, los sustos y la comedia est\u00e1n tan entrelazados. Fue un sue\u00f1o hecho realidad\u201d, afirm\u00f3 el director en declaraciones recogidas por&nbsp;<em>Variety<\/em>.<\/p>\n\n\n\n<p>Por su parte,\u00a0<strong>Sweeney<\/strong>\u00a0comparti\u00f3 su entusiasmo por el proyecto y su v\u00ednculo con la obra original:\u00a0<strong>\u201cNo pude soltar \u2018The Housemaid\u2019. Termin\u00e9 leyendo los tres libros en una semana. Los personajes son imperfectos y ca\u00f3ticos\u201d<\/strong>, expres\u00f3 la actriz a\u00a0<em>Variety<\/em>. La novela de\u00a0<strong>McFadden<\/strong>, publicada en 2022, se convirti\u00f3 en un fen\u00f3meno global, conquistando a millones de lectores y consolid\u00e1ndose como un referente del suspense contempor\u00e1neo.<\/p>\n\n\n\n<p>La pel\u00edcula, distribuida por\u00a0<strong>Lionsgate<\/strong>, se perfila como uno de los estrenos m\u00e1s esperados de la temporada, situ\u00e1ndose en la tradici\u00f3n de thrillers como\u00a0<em><strong>Gone Girl<\/strong><\/em>\u00a0y\u00a0<em><strong>Parasite<\/strong>.<\/em>\u00a0El tr\u00e1iler, ya disponible, ofrece un primer vistazo a la atm\u00f3sfera inquietante y a la compleja relaci\u00f3n entre los personajes principales, prometiendo una experiencia cinematogr\u00e1fica intensa y perturbadora.<\/p>\n","protected":false},"excerpt":{"rendered":"<p>El primer avance de\u00a0La empleada,\u00a0el nuevo thriller psicol\u00f3gico dirigido por\u00a0Paul Feig, anticipa una historia cargada de tensi\u00f3n y secretos, con\u00a0Sydney Sweeney\u00a0y\u00a0Amanda Seyfried\u00a0como protagonistas. La pel\u00edcula, que adapta la exitosa novela de\u00a0Freida McFadden, llegar\u00e1 a los cines el\u00a019 de diciembre de 2025 en EEUU y el 1 de enero de 2026 en Argentina. En esta producci\u00f3n,&nbsp;Sweeney&nbsp;interpreta [&hellip;]<\/p>\n","protected":false},"author":35,"featured_media":194514,"comment_status":"open","ping_status":"open","sticky":false,"template":"","format":"standard","meta":{"_monsterinsights_skip_tracking":false,"_monsterinsights_sitenote_active":false,"_monsterinsights_sitenote_note":"","_monsterinsights_sitenote_category":0,"footnotes":""},"categories":[576],"tags":[28097,7352,32345],"class_list":["post-194510","post","type-post","status-publish","format-standard","has-post-thumbnail","hentry","category-ocio","tag-amanda-seyfriend","tag-sydney-sweeney","tag-the-housemaid","wp-image-borders"],"amp_enabled":true,"_links":{"self":[{"href":"https:\/\/nvnoticias.mx\/index.php\/wp-json\/wp\/v2\/posts\/194510","targetHints":{"allow":["GET"]}}],"collection":[{"href":"https:\/\/nvnoticias.mx\/index.php\/wp-json\/wp\/v2\/posts"}],"about":[{"href":"https:\/\/nvnoticias.mx\/index.php\/wp-json\/wp\/v2\/types\/post"}],"author":[{"embeddable":true,"href":"https:\/\/nvnoticias.mx\/index.php\/wp-json\/wp\/v2\/users\/35"}],"replies":[{"embeddable":true,"href":"https:\/\/nvnoticias.mx\/index.php\/wp-json\/wp\/v2\/comments?post=194510"}],"version-history":[{"count":5,"href":"https:\/\/nvnoticias.mx\/index.php\/wp-json\/wp\/v2\/posts\/194510\/revisions"}],"predecessor-version":[{"id":194516,"href":"https:\/\/nvnoticias.mx\/index.php\/wp-json\/wp\/v2\/posts\/194510\/revisions\/194516"}],"wp:featuredmedia":[{"embeddable":true,"href":"https:\/\/nvnoticias.mx\/index.php\/wp-json\/wp\/v2\/media\/194514"}],"wp:attachment":[{"href":"https:\/\/nvnoticias.mx\/index.php\/wp-json\/wp\/v2\/media?parent=194510"}],"wp:term":[{"taxonomy":"category","embeddable":true,"href":"https:\/\/nvnoticias.mx\/index.php\/wp-json\/wp\/v2\/categories?post=194510"},{"taxonomy":"post_tag","embeddable":true,"href":"https:\/\/nvnoticias.mx\/index.php\/wp-json\/wp\/v2\/tags?post=194510"}],"curies":[{"name":"wp","href":"https:\/\/api.w.org\/{rel}","templated":true}]}}