{"id":19450,"date":"2021-07-26T08:41:17","date_gmt":"2021-07-26T13:41:17","guid":{"rendered":"https:\/\/nvnoticias.mx\/?p=19450"},"modified":"2021-07-26T08:41:18","modified_gmt":"2021-07-26T13:41:18","slug":"la-corcholata-preferida","status":"publish","type":"post","link":"https:\/\/nvnoticias.mx\/index.php\/2021\/07\/26\/la-corcholata-preferida\/","title":{"rendered":"La \u201cCorcholata Preferida\u201d"},"content":{"rendered":"\n<p><strong>Mtro. Edgard Gonz\u00e1lez Su\u00e1rez&nbsp;<\/strong>&nbsp;<\/p>\n\n\n\n<p>Toca hablar ahora de quien yo considero el proyecto pol\u00edtico sucesorio de L\u00f3pez Obrador, a la actual jefa de Gobierno de la Ciudad de M\u00e9xico, a la mism\u00edsima Claudia Sheinbaum Pardo.&nbsp;<\/p>\n\n\n\n<p>Claudia Sheinbaum es ni m\u00e1s ni menos una de las seguidoras m\u00e1s leales, eficientes y constantes del&nbsp;l\u00f3pez-obradorismo. Viene siguiendo al presidente desde hace por lo menos 25 a\u00f1os, trabaj\u00f3 con el actual presidente en la \u00e9poca en que fue jefe indiscutible de la Ciudad de M\u00e9xico, y lo acompa\u00f1\u00f3, como promotora de ese proyecto pol\u00edtico, y en varias posiciones dentro de la administraci\u00f3n p\u00fablica. Conocedora de los problemas de la ciudad, Claudia es hoy, la carta m\u00e1s fuerte de L\u00f3pez Obrador para sucederlo en la Presidencia de la Rep\u00fablica.&nbsp;<\/p>\n\n\n\n<p>Claudia Sheinbaum, es una militante de izquierda, formada en las lides estudiantiles del Consejo Estudiantil Universitario, principal organismo de los estudiantes de la UNAM que se opusieron a las reformas privatizadoras y neoliberales de Jorge Carpizo, all\u00e1 en 1986, cuando fue rector de la m\u00e1xima casa de estudios.&nbsp;<\/p>\n\n\n\n<p>Desde esa \u00e9poca, siendo ella muy joven, apenas despuntaba los 24 a\u00f1os de edad, se enrol\u00f3 en los comit\u00e9s de lucha de la facultad de ciencias y pronto adquiri\u00f3 relevancia y liderazgo en su facultad.&nbsp;<\/p>\n\n\n\n<p>Sheinbaum, es una mujer formada en los comit\u00e9s de lucha estudiantil, de fuerte formaci\u00f3n&nbsp;cr\u00edtica&nbsp;y vinculada siempre a las concepciones marxistas no ortodoxas y m\u00e1s bien culturalistas o gramscianas del movimiento social y popular en nuestro pa\u00eds.&nbsp;<\/p>\n\n\n\n<p>En esto se diferencia completamente tanto de Ebrard y Monreal, quienes se formaron ideol\u00f3gicamente dentro del PRI, y en sus inicios siguieron las directrices pol\u00edticas del neoliberalismo salinista. Cuando Ebrard y Monreal defend\u00edan al r\u00e9gimen pol\u00edtico neoliberal, Claudia ya era una dirigente estudiantil salida de los comit\u00e9s de lucha universitaria.&nbsp;<\/p>\n\n\n\n<p>Al triunfo del CEU, al detener las reformas neoliberales de Carpizo, De la Madrid y Salinas, una muy buena parte de los&nbsp;l\u00edderes&nbsp;del CEU se incorporan de pleno derecho al Frente Democr\u00e1tico Nacional, propuesta pol\u00edtica en ese entonces, encabezado por Cuauht\u00e9moc C\u00e1rdenas y Porfirio Mu\u00f1oz Ledo. En ese proyecto, Claudia se va a encontrar con un dirigente social proveniente del estado de Tabasco y qu\u00e9 a lo largo de m\u00e1s de 30 a\u00f1os de lucha, llegar\u00eda a ser presidente de la Rep\u00fablica.&nbsp;<\/p>\n\n\n\n<p>En este sentido, Sheinbaum no solo ha demostrado ser consistente y leal al proyecto definido por el Frente Democr\u00e1tico Nacional, un proyecto centrado en reformas sociales, y en el fortalecimiento del Estado frente a las pol\u00edticas privatizadoras. Una suerte de proyecto basado en el reequilibrio entre los dos factores estructurales del poder pol\u00edtico: Las clases populares y los empresarios nacionales y extranjeros. Ahora, la jefa de gobierno, es el cuadro m\u00e1s avanzado, m\u00e1s estable y m\u00e1s prometedor de esa corriente hist\u00f3rica.&nbsp;<\/p>\n\n\n\n<p>De hecho, la lucha sin cuartel que abri\u00f3 Mu\u00f1oz Ledo en contra de Mario Delgado desde mediados del 2020, configur\u00f3 una lucha frontal entre esa corriente y el bloque conformado por Marcelo Ebrard y Ricardo Monreal, todos luchando por la presidencia de MORENA.&nbsp;<\/p>\n\n\n\n<p>Frente a su derrota en su intento por hacerse de la presidencia de MORENA, y luego ante el benepl\u00e1cito de L\u00f3pez obrador por dejarlo fuera de su intento por la reelecci\u00f3n como diputado, Mu\u00f1oz ledo se ha dedicado a criticar a L\u00f3pez Obrador y a su proyecto, calific\u00e1ndolo de provincial, presidencialista y antidemocr\u00e1tico.&nbsp;<\/p>\n\n\n\n<p>Lo cierto es que los cuadros hist\u00f3ricos del FDN,&nbsp;Cuauht\u00e9moc&nbsp;C\u00e1rdenas, Mu\u00f1oz Ledo Y Efigenia&nbsp;Mart\u00ednez, ya sea por agotamiento, ya sea por edad, quedaron fuera del liderazgo real, son considerados m\u00e1s bien liderazgos simb\u00f3licos de la lucha contra el fraude y contra el neoliberalismo. El verdadero poder y liderazgo social qued\u00f3 en manos de Andr\u00e9s Manuel L\u00f3pez Obrador.&nbsp;<\/p>\n\n\n\n<p>Dentro de la corriente de L\u00f3pez Obrador y de Claudia Sheinbaum se encuentran Citlali Hern\u00e1ndez, Bertha Lujan, Alejandro Encinas, Hugo L\u00f3pez Gatell, Mart\u00ed Batres, H\u00e9ctor D\u00edaz Polanco, Luisa&nbsp;Alcalde, Gabriel Garc\u00eda, Alfonso Ram\u00edrez Cuellar, Dolores Padierna, Rene Bejarano, Claudia Brugada, Armando Quintero, entre otros. Todos ellos, dispuestos ya, a dar una lucha abierta, por la candidatura a la Presidencia de la Rep\u00fablica.&nbsp;<\/p>\n\n\n\n<p>Para m\u00ed, Claudia Sheinbaum, no solo es la jefa de gobierno de la Cd de M\u00e9xico, es la \u201ccorcholata\u201d preferida por L\u00f3pez Obrador.&nbsp;<\/p>\n","protected":false},"excerpt":{"rendered":"<p>Mtro. Edgard Gonz\u00e1lez Su\u00e1rez&nbsp;&nbsp; Toca hablar ahora de quien yo considero el proyecto pol\u00edtico sucesorio de L\u00f3pez Obrador, a la actual jefa de Gobierno de la Ciudad de M\u00e9xico, a la mism\u00edsima Claudia Sheinbaum Pardo.&nbsp; Claudia Sheinbaum es ni m\u00e1s ni menos una de las seguidoras m\u00e1s leales, eficientes y constantes del&nbsp;l\u00f3pez-obradorismo. Viene siguiendo al [&hellip;]<\/p>\n","protected":false},"author":26,"featured_media":19451,"comment_status":"open","ping_status":"open","sticky":false,"template":"","format":"standard","meta":{"_monsterinsights_skip_tracking":false,"_monsterinsights_sitenote_active":false,"_monsterinsights_sitenote_note":"","_monsterinsights_sitenote_category":0,"footnotes":""},"categories":[242],"tags":[702],"class_list":["post-19450","post","type-post","status-publish","format-standard","has-post-thumbnail","hentry","category-macroscopio","tag-edgard-gonzalez-suarez","wp-image-borders"],"amp_enabled":true,"_links":{"self":[{"href":"https:\/\/nvnoticias.mx\/index.php\/wp-json\/wp\/v2\/posts\/19450","targetHints":{"allow":["GET"]}}],"collection":[{"href":"https:\/\/nvnoticias.mx\/index.php\/wp-json\/wp\/v2\/posts"}],"about":[{"href":"https:\/\/nvnoticias.mx\/index.php\/wp-json\/wp\/v2\/types\/post"}],"author":[{"embeddable":true,"href":"https:\/\/nvnoticias.mx\/index.php\/wp-json\/wp\/v2\/users\/26"}],"replies":[{"embeddable":true,"href":"https:\/\/nvnoticias.mx\/index.php\/wp-json\/wp\/v2\/comments?post=19450"}],"version-history":[{"count":1,"href":"https:\/\/nvnoticias.mx\/index.php\/wp-json\/wp\/v2\/posts\/19450\/revisions"}],"predecessor-version":[{"id":19452,"href":"https:\/\/nvnoticias.mx\/index.php\/wp-json\/wp\/v2\/posts\/19450\/revisions\/19452"}],"wp:featuredmedia":[{"embeddable":true,"href":"https:\/\/nvnoticias.mx\/index.php\/wp-json\/wp\/v2\/media\/19451"}],"wp:attachment":[{"href":"https:\/\/nvnoticias.mx\/index.php\/wp-json\/wp\/v2\/media?parent=19450"}],"wp:term":[{"taxonomy":"category","embeddable":true,"href":"https:\/\/nvnoticias.mx\/index.php\/wp-json\/wp\/v2\/categories?post=19450"},{"taxonomy":"post_tag","embeddable":true,"href":"https:\/\/nvnoticias.mx\/index.php\/wp-json\/wp\/v2\/tags?post=19450"}],"curies":[{"name":"wp","href":"https:\/\/api.w.org\/{rel}","templated":true}]}}