{"id":194453,"date":"2025-09-19T12:47:03","date_gmt":"2025-09-19T18:47:03","guid":{"rendered":"https:\/\/nvnoticias.mx\/?p=194453"},"modified":"2025-09-19T12:47:06","modified_gmt":"2025-09-19T18:47:06","slug":"ramos-alor-cuestiona-a-reporteros-y-defiende-desempeno-de-imss-bienestar-en-veracruz","status":"publish","type":"post","link":"https:\/\/nvnoticias.mx\/index.php\/2025\/09\/19\/ramos-alor-cuestiona-a-reporteros-y-defiende-desempeno-de-imss-bienestar-en-veracruz\/","title":{"rendered":"Ramos Alor cuestiona a reporteros y defiende desempe\u00f1o de IMSS-Bienestar en Veracruz"},"content":{"rendered":"\n<p><\/p>\n\n\n\n<p><strong>Sam Ojeda \/ NV Noticias<\/strong><\/p>\n\n\n\n<p>Xalapa.- Durante una guardia de honor en el parque Los Berros, el delegado del IMSS-Bienestar en Veracruz, Roberto Ramos Alor, respondi\u00f3 con cr\u00edticas a los periodistas que le preguntaron por el desabasto de medicamentos en hospitales de la entidad.<\/p>\n\n\n\n<p>En lugar de dar cifras espec\u00edficas, sugiri\u00f3 c\u00f3mo deber\u00edan hacer su trabajo.<\/p>\n\n\n\n<p>\u201cNo podemos emitir una declaraci\u00f3n riesgosa en los medios sin antes hacer un trabajo elemental de investigaci\u00f3n. Yo como periodista, lo que har\u00eda es aleatoriamente escoger cinco centros de salud en las comunidades humildes de nuestro pa\u00eds o nuestro estado y desde ah\u00ed sacar mi deducci\u00f3n\u201d, se\u00f1al\u00f3.<\/p>\n\n\n\n<p>El funcionario evit\u00f3 pronunciarse directamente sobre las cr\u00edticas hacia la instituci\u00f3n y defendi\u00f3 que el suministro de f\u00e1rmacos se ha reforzado en los \u00faltimos meses.<\/p>\n\n\n\n<p>\u201cEfectivamente fue una situaci\u00f3n bastante complicada por los desabastos que hab\u00eda no solo en Veracruz sino en todo el pa\u00eds, pero hoy estamos avanzando\u201d, afirm\u00f3.<\/p>\n\n\n\n<p>Ramos Alor asegur\u00f3 que actualmente se atiende la distribuci\u00f3n de medicinas en 831 centros de salud y 60 hospitales bajo el esquema de IMSS-Bienestar, modelo que, dijo, est\u00e1 dirigido a la poblaci\u00f3n sin seguridad social.<\/p>\n\n\n\n<p>Al ser cuestionado sobre la relaci\u00f3n con la Secretar\u00eda de Salud estatal, encabezada por Valent\u00edn Herrera Alarc\u00f3n, destac\u00f3 la coordinaci\u00f3n entre ambas instancias.<\/p>\n\n\n\n<p>\u201cEl IMSS-Bienestar es un modelo que est\u00e1 dedicado a los que no tienen ninguna derecho-habiencia y por razones estrat\u00e9gicas del modelo de salud nacional, y bienestar se ocupa de la atenci\u00f3n m\u00e9dica. Entonces, como ven ustedes, el esp\u00edritu de este modelo de salud obliga a tener el trabajo coordinado (\u2026) el secretario de Salud guarda mis absolutos respetos, mis consideraciones y por supuesto, el trabajo lo estamos haciendo de manera muy coordinada\u201d, subray\u00f3.<\/p>\n\n\n\n<p>Con sus declaraciones, el delegado busc\u00f3 respaldar el funcionamiento del programa federal, aunque sus comentarios hacia la prensa generaron incomodidad entre los presentes.<br><\/p>\n","protected":false},"excerpt":{"rendered":"<p>Sam Ojeda \/ NV Noticias Xalapa.- Durante una guardia de honor en el parque Los Berros, el delegado del IMSS-Bienestar en Veracruz, Roberto Ramos Alor, respondi\u00f3 con cr\u00edticas a los periodistas que le preguntaron por el desabasto de medicamentos en hospitales de la entidad. En lugar de dar cifras espec\u00edficas, sugiri\u00f3 c\u00f3mo deber\u00edan hacer su [&hellip;]<\/p>\n","protected":false},"author":8,"featured_media":134460,"comment_status":"open","ping_status":"open","sticky":false,"template":"","format":"standard","meta":{"_monsterinsights_skip_tracking":false,"_monsterinsights_sitenote_active":false,"_monsterinsights_sitenote_note":"","_monsterinsights_sitenote_category":0,"footnotes":""},"categories":[156],"tags":[30081,2153],"class_list":["post-194453","post","type-post","status-publish","format-standard","has-post-thumbnail","hentry","category-estado","tag-imss-bienestar-3","tag-roberto-ramos-alor","wp-image-borders"],"amp_enabled":true,"_links":{"self":[{"href":"https:\/\/nvnoticias.mx\/index.php\/wp-json\/wp\/v2\/posts\/194453","targetHints":{"allow":["GET"]}}],"collection":[{"href":"https:\/\/nvnoticias.mx\/index.php\/wp-json\/wp\/v2\/posts"}],"about":[{"href":"https:\/\/nvnoticias.mx\/index.php\/wp-json\/wp\/v2\/types\/post"}],"author":[{"embeddable":true,"href":"https:\/\/nvnoticias.mx\/index.php\/wp-json\/wp\/v2\/users\/8"}],"replies":[{"embeddable":true,"href":"https:\/\/nvnoticias.mx\/index.php\/wp-json\/wp\/v2\/comments?post=194453"}],"version-history":[{"count":1,"href":"https:\/\/nvnoticias.mx\/index.php\/wp-json\/wp\/v2\/posts\/194453\/revisions"}],"predecessor-version":[{"id":194454,"href":"https:\/\/nvnoticias.mx\/index.php\/wp-json\/wp\/v2\/posts\/194453\/revisions\/194454"}],"wp:featuredmedia":[{"embeddable":true,"href":"https:\/\/nvnoticias.mx\/index.php\/wp-json\/wp\/v2\/media\/134460"}],"wp:attachment":[{"href":"https:\/\/nvnoticias.mx\/index.php\/wp-json\/wp\/v2\/media?parent=194453"}],"wp:term":[{"taxonomy":"category","embeddable":true,"href":"https:\/\/nvnoticias.mx\/index.php\/wp-json\/wp\/v2\/categories?post=194453"},{"taxonomy":"post_tag","embeddable":true,"href":"https:\/\/nvnoticias.mx\/index.php\/wp-json\/wp\/v2\/tags?post=194453"}],"curies":[{"name":"wp","href":"https:\/\/api.w.org\/{rel}","templated":true}]}}