{"id":19413,"date":"2021-07-25T13:37:05","date_gmt":"2021-07-25T18:37:05","guid":{"rendered":"https:\/\/nvnoticias.mx\/?p=19413"},"modified":"2021-07-25T13:37:06","modified_gmt":"2021-07-25T18:37:06","slug":"argentina-seria-candidata-a-relevar-a-mexico-en-presidencia-de-la-celac","status":"publish","type":"post","link":"https:\/\/nvnoticias.mx\/index.php\/2021\/07\/25\/argentina-seria-candidata-a-relevar-a-mexico-en-presidencia-de-la-celac\/","title":{"rendered":"Argentina ser\u00eda candidata a relevar a M\u00e9xico en presidencia de la CELAC"},"content":{"rendered":"\n<p>El secretario de Relaciones Exteriores, Marcelo Ebrard, adelant\u00f3 que Argentina buscar\u00e1 relevar a M\u00e9xico en la presidencia de la Comunidad de Estados Latinoamericanos y Caribe\u00f1os (CELAC) para el 2022.<\/p>\n\n\n\n<blockquote class=\"wp-block-quote is-layout-flow wp-block-quote-is-layout-flow\"><p>\u201cInformar, tambi\u00e9n, que si bien en septiembre habr\u00e1 de ser motivo de conversaci\u00f3n de los jefes de Estado y de gobierno, hoy se ha pedido por parte de Argentina que se les informe sobre su postulaci\u00f3n para la Presidencia Pro Tempore de esta comunidad para el a\u00f1o 2022, y me han solicitado que lo haga de su conocimiento para que en septiembre se tome la decisi\u00f3n y se anuncie lo correspondiente\u201d, dijo Ebrard, en su discurso inaugural de la XXI Reuni\u00f3n de la CELAC, celebrada en M\u00e9xico.<\/p><\/blockquote>\n\n\n\n<p>\u200bDurante la cumbre de cancilleres de Am\u00e9rica Latina y el Caribe, donde est\u00e1n presentes 32 pa\u00edses, Ebrard hizo un breve recuento sobre los logros del foro multilateral durante este a\u00f1o. <\/p>\n\n\n\n<p>Entre ellos, destacaron las acciones conjuntas para enfrentar la pandemia de covid-19 en la regi\u00f3n, seguridad alimentaria, lucha contra la corrupci\u00f3n y la situaci\u00f3n en Medio Oriente. <\/p>\n\n\n\n<p>Tras reiterar la condena de la CELAC sobre el asesinato del presidente de Hait\u00ed, Jovenel Mo\u00efse, ocurrido el 7 de julio pasado, se guard\u00f3 un minuto de silencio en su memoria. <\/p>\n\n\n\n<p>La reuni\u00f3n continuar\u00e1 durante esta tarde y se espera que, al concluir, se haga un pronunciamiento conjunto sobre los acuerdos logrados en la cumbre celebrada en el Castillo de Chapultepec. <\/p>\n\n\n\n<p>Fuente: Milenio<\/p>\n","protected":false},"excerpt":{"rendered":"<p>El secretario de Relaciones Exteriores, Marcelo Ebrard, adelant\u00f3 que Argentina buscar\u00e1 relevar a M\u00e9xico en la presidencia de la Comunidad de Estados Latinoamericanos y Caribe\u00f1os (CELAC) para el 2022. \u201cInformar, tambi\u00e9n, que si bien en septiembre habr\u00e1 de ser motivo de conversaci\u00f3n de los jefes de Estado y de gobierno, hoy se ha pedido por [&hellip;]<\/p>\n","protected":false},"author":7,"featured_media":19414,"comment_status":"open","ping_status":"open","sticky":false,"template":"","format":"standard","meta":{"_monsterinsights_skip_tracking":false,"_monsterinsights_sitenote_active":false,"_monsterinsights_sitenote_note":"","_monsterinsights_sitenote_category":0,"footnotes":""},"categories":[157],"tags":[259,1483,391,292],"class_list":["post-19413","post","type-post","status-publish","format-standard","has-post-thumbnail","hentry","category-nacional","tag-argentina","tag-celac","tag-marcelo-ebrard","tag-mexico","wp-image-borders"],"amp_enabled":true,"_links":{"self":[{"href":"https:\/\/nvnoticias.mx\/index.php\/wp-json\/wp\/v2\/posts\/19413","targetHints":{"allow":["GET"]}}],"collection":[{"href":"https:\/\/nvnoticias.mx\/index.php\/wp-json\/wp\/v2\/posts"}],"about":[{"href":"https:\/\/nvnoticias.mx\/index.php\/wp-json\/wp\/v2\/types\/post"}],"author":[{"embeddable":true,"href":"https:\/\/nvnoticias.mx\/index.php\/wp-json\/wp\/v2\/users\/7"}],"replies":[{"embeddable":true,"href":"https:\/\/nvnoticias.mx\/index.php\/wp-json\/wp\/v2\/comments?post=19413"}],"version-history":[{"count":1,"href":"https:\/\/nvnoticias.mx\/index.php\/wp-json\/wp\/v2\/posts\/19413\/revisions"}],"predecessor-version":[{"id":19415,"href":"https:\/\/nvnoticias.mx\/index.php\/wp-json\/wp\/v2\/posts\/19413\/revisions\/19415"}],"wp:featuredmedia":[{"embeddable":true,"href":"https:\/\/nvnoticias.mx\/index.php\/wp-json\/wp\/v2\/media\/19414"}],"wp:attachment":[{"href":"https:\/\/nvnoticias.mx\/index.php\/wp-json\/wp\/v2\/media?parent=19413"}],"wp:term":[{"taxonomy":"category","embeddable":true,"href":"https:\/\/nvnoticias.mx\/index.php\/wp-json\/wp\/v2\/categories?post=19413"},{"taxonomy":"post_tag","embeddable":true,"href":"https:\/\/nvnoticias.mx\/index.php\/wp-json\/wp\/v2\/tags?post=19413"}],"curies":[{"name":"wp","href":"https:\/\/api.w.org\/{rel}","templated":true}]}}