{"id":193856,"date":"2025-09-15T09:36:25","date_gmt":"2025-09-15T15:36:25","guid":{"rendered":"https:\/\/nvnoticias.mx\/?p=193856"},"modified":"2025-09-15T09:36:29","modified_gmt":"2025-09-15T15:36:29","slug":"por-que-mexico-sigue-fallando-en-prevenir-el-suicidio","status":"publish","type":"post","link":"https:\/\/nvnoticias.mx\/index.php\/2025\/09\/15\/por-que-mexico-sigue-fallando-en-prevenir-el-suicidio\/","title":{"rendered":"\u00bfPor qu\u00e9 Mexico sigue fallando en prevenir el suicidio?"},"content":{"rendered":"\n<p>Por <strong>Gladys P\u00e9rez Maldonado<\/strong><\/p>\n\n\n\n<p>Cada 10 de septiembre, organismos internacionales nos recuerdan que el suicidio es prevenible. Se encienden velas, se difunden campa\u00f1as y se repiten frases de apoyo. Sin embargo, m\u00e1s all\u00e1 de los gestos simb\u00f3licos, la realidad es dura,en M\u00e9xico y en el mundo seguimos sin dar respuestas suficientes a una de las principales emergencias de salud p\u00fablica.<\/p>\n\n\n\n<p>Las cifras son contundentes y deber\u00edan sacudir cualquier indiferencia. La Organizaci\u00f3n Mundial de la Salud (OMS) estima que m\u00e1s de 700 mil personas mueren cada a\u00f1o por suicidio en el planeta. En M\u00e9xico, el INEGI report\u00f3 m\u00e1s de 9 mil muertes en 2023, lo que equivale a un promedio de 25 al d\u00eda. La mayor\u00eda son j\u00f3venes entre 15 y 29 a\u00f1os. Detr\u00e1s de cada n\u00famero hay historias de dolor, familias fragmentadas y comunidades marcadas por el silencio. Y, aun as\u00ed, el tema sigue en los m\u00e1rgenes de la discusi\u00f3n p\u00fablica.<\/p>\n\n\n\n<p>Con cada D\u00eda Mundial para la Prevenci\u00f3n del Suicidio se repite el mismo guion: mensajes de&nbsp;<em>no est\u00e1s solo<\/em>, n\u00fameros de emergencia y campa\u00f1as de concientizaci\u00f3n. Por supuesto, estos esfuerzos son importantes, pero resultan insuficientes si no se acompa\u00f1an de pol\u00edticas p\u00fablicas s\u00f3lidas y de una verdadera inversi\u00f3n en salud mental.<\/p>\n\n\n\n<p>En M\u00e9xico, menos del 2% del gasto en salud se destina a este rubro, y de ese porcentaje, la mayor\u00eda se canaliza a hospitales psiqui\u00e1tricos. La prevenci\u00f3n comunitaria, la atenci\u00f3n en escuelas, la capacitaci\u00f3n de personal m\u00e9dico de primer contacto y la disponibilidad de psic\u00f3logos en centros de salud siguen siendo una excepci\u00f3n y no la regla. Es decir, preferimos apagar incendios antes que construir sistemas de protecci\u00f3n.<\/p>\n\n\n\n<p>Lo preocupante es que el discurso oficial celebra cada peque\u00f1a iniciativa como si fuera suficiente. Se presume la existencia de l\u00edneas telef\u00f3nicas de apoyo, cuando en realidad est\u00e1n rebasadas, con pocos profesionales y tiempos de espera&nbsp;que desincentivan la b\u00fasqueda de ayuda. Se promueven talleres en algunas escuelas, pero no existe un programa nacional articulado que integre educaci\u00f3n, salud y bienestar social. En este terreno, la improvisaci\u00f3n mata.<\/p>\n\n\n\n<p>Hablar de suicidio y salud mental sigue siendo un tab\u00fa en muchas familias y comunidades. A las personas con depresi\u00f3n se les acusa de&nbsp;<em>d\u00e9biles<\/em>&nbsp;o de&nbsp;<em>no poner de su parte<\/em>. Se prefiere esconder el problema antes que enfrentarlo, como si callar fuera un remedio. Ese estigma es, quiz\u00e1s, la barrera m\u00e1s dif\u00edcil de derribar.<\/p>\n\n\n\n<p>La soledad es otro factor decisivo. Parad\u00f3jicamente, en una \u00e9poca hiperconectada, la juventud vive cada vez m\u00e1s aislada. Las redes sociales, que podr\u00edan ser un espacio de acompa\u00f1amiento, se convierten en escenarios de comparaci\u00f3n, hostigamiento y presi\u00f3n. A esto se suman la precariedad laboral, la violencia cotidiana y la falta de expectativas de futuro. De verdad sorprende que el suicidio sea ya la cuarta causa de muerte en los j\u00f3venes del mundo.<\/p>\n\n\n\n<p>No podemos dejar de se\u00f1alar la responsabilidad de los medios de comunicaci\u00f3n y de la clase&nbsp;pol\u00edtica. Mientras algunos noticieros tratan el suicidio con morbo o sensacionalismo, otros prefieren ignorarlo. Informar de manera responsable significa visibilizar el problema, explicar sus causas y, sobre todo, difundir los recursos disponibles para la prevenci\u00f3n. La prensa tiene un papel crucial en transformar el estigma en conciencia social.<\/p>\n\n\n\n<p>La clase pol\u00edtica, por su parte, parece m\u00e1s interesada en inaugurar hospitales generales o anunciar obras de infraestructura que en garantizar la salud mental como un derecho humano. La prevenci\u00f3n del suicidio exige voluntad pol\u00edtica, presupuestos claros y rendici\u00f3n de cuentas. No basta con discursos emotivos un d\u00eda al a\u00f1o; se necesita un compromiso real de largo plazo.<\/p>\n\n\n\n<p>Los datos muestran que la mayor parte de los suicidios ocurre en j\u00f3venes. Aun as\u00ed, nuestras escuelas siguen m\u00e1s preocupadas por llenar ex\u00e1menes estandarizados que por cuidar la salud emocional del alumnado. No se trata de convertir a los maestros en psic\u00f3logos, pero s\u00ed de darles herramientas para detectar se\u00f1ales de alerta y acompa\u00f1ar a quienes lo necesitan.<\/p>\n\n\n\n<p>Programas escolares de apoyo psicosocial, capacitaci\u00f3n docente, espacios seguros de expresi\u00f3n emocional y articulaci\u00f3n con servicios de salud deber\u00edan ser obligatorios. Sin embargo, en la pr\u00e1ctica, la mayor\u00eda de las escuelas carecen de psic\u00f3logos de planta, y las pocas intervenciones que existen dependen de voluntades locales m\u00e1s que de un plan nacional.<\/p>\n\n\n\n<p>La prevenci\u00f3n del suicidio no puede dejarse exclusivamente en manos de m\u00e9dicos y psic\u00f3logos. La familia, los amigos, los compa\u00f1eros de trabajo y la comunidad son piezas clave para detectar cambios de conducta, escuchar sin juzgar y acompa\u00f1ar en momentos de crisis. Reconocer frases como&nbsp;<em>no encuentro sentido a nada<\/em>&nbsp;o&nbsp;<em>preferir\u00eda no estar aqu\u00ed<\/em>&nbsp;no es exagerar, es estar atentos a se\u00f1ales que podr\u00edan salvar vidas.<\/p>\n\n\n\n<p>Sin embargo, esta responsabilidad colectiva no exime al Estado. El acceso a salud mental debe ser universal, gratuito y de calidad, al mismo nivel que la atenci\u00f3n a enfermedades f\u00edsicas. No es un privilegio, es un derecho.<\/p>\n\n\n\n<p>El problema es complejo, pero no irresoluble. M\u00e9xico necesita un&nbsp;<em>Plan Nacional de Prevenci\u00f3n del Suicidio y Salud Mental,<\/em>&nbsp;con recursos garantizados, metas claras y evaluaci\u00f3n permanente. No m\u00e1s parches aislados, sino una estrategia integral que incluya:&nbsp;Inversi\u00f3n suficiente: aumentar el presupuesto en salud mental al menos al 5% del gasto total en salud en los pr\u00f3ximos cinco a\u00f1os;&nbsp;Capacitaci\u00f3n obligatoria para docentes, m\u00e9dicos de primer contacto y polic\u00edas en detecci\u00f3n temprana de crisis emocionales;&nbsp;Indicadores de evaluaci\u00f3n p\u00fablica: reducci\u00f3n anual del 10% en las tasas de suicidio en poblaci\u00f3n joven; incremento del n\u00famero de consultas psicol\u00f3gicas en el primer nivel de atenci\u00f3n; tiempos de respuesta menores a 3 minutos en l\u00edneas de crisis; y,&nbsp;Campa\u00f1as permanentes contra el estigma, con participaci\u00f3n de medios, universidades y organizaciones civiles.<\/p>\n\n\n\n<p>La prevenci\u00f3n del suicidio no puede reducirse a un eslogan ni a una llamada de emergencia. Requiere una transformaci\u00f3n profunda en la manera en que entendemos y valoramos la salud mental. Mientras sigamos destinando migajas presupuestales, permitiendo que el estigma persista y dejando a la juventud en la orfandad emocional, seguiremos lamentando cifras que se repiten a\u00f1o con a\u00f1o.<\/p>\n\n\n\n<p>Hablar de suicidio es inc\u00f3modo, pero m\u00e1s inc\u00f3modo deber\u00eda ser la indiferencia. Cada vida perdida es un recordatorio de que como sociedad llegamos tarde. Este D\u00eda Mundial no deber\u00eda ser un acto protocolario, sino un punto de inflexi\u00f3n: o asumimos la salud mental como prioridad nacional con compromisos verificables, o seguiremos contando muertos en silencio.<\/p>\n\n\n\n<p>La prevenci\u00f3n est\u00e1 en nuestras manos, pero sobre todo en nuestras decisiones colectivas.&nbsp;Desde esta trinchera nos preguntamos&nbsp;\u00bftendremos el valor de pasar del discurso a los hechos?&#8230;<\/p>\n","protected":false},"excerpt":{"rendered":"<p>Por Gladys P\u00e9rez Maldonado Cada 10 de septiembre, organismos internacionales nos recuerdan que el suicidio es prevenible. Se encienden velas, se difunden campa\u00f1as y se repiten frases de apoyo. Sin embargo, m\u00e1s all\u00e1 de los gestos simb\u00f3licos, la realidad es dura,en M\u00e9xico y en el mundo seguimos sin dar respuestas suficientes a una de las [&hellip;]<\/p>\n","protected":false},"author":45,"featured_media":74328,"comment_status":"open","ping_status":"open","sticky":false,"template":"","format":"standard","meta":{"_monsterinsights_skip_tracking":false,"_monsterinsights_sitenote_active":false,"_monsterinsights_sitenote_note":"","_monsterinsights_sitenote_category":0,"footnotes":""},"categories":[15405],"tags":[15415],"class_list":["post-193856","post","type-post","status-publish","format-standard","has-post-thumbnail","hentry","category-alguien-como-tu","tag-gladys-perez-maldonado","wp-image-borders"],"amp_enabled":true,"_links":{"self":[{"href":"https:\/\/nvnoticias.mx\/index.php\/wp-json\/wp\/v2\/posts\/193856","targetHints":{"allow":["GET"]}}],"collection":[{"href":"https:\/\/nvnoticias.mx\/index.php\/wp-json\/wp\/v2\/posts"}],"about":[{"href":"https:\/\/nvnoticias.mx\/index.php\/wp-json\/wp\/v2\/types\/post"}],"author":[{"embeddable":true,"href":"https:\/\/nvnoticias.mx\/index.php\/wp-json\/wp\/v2\/users\/45"}],"replies":[{"embeddable":true,"href":"https:\/\/nvnoticias.mx\/index.php\/wp-json\/wp\/v2\/comments?post=193856"}],"version-history":[{"count":2,"href":"https:\/\/nvnoticias.mx\/index.php\/wp-json\/wp\/v2\/posts\/193856\/revisions"}],"predecessor-version":[{"id":193859,"href":"https:\/\/nvnoticias.mx\/index.php\/wp-json\/wp\/v2\/posts\/193856\/revisions\/193859"}],"wp:featuredmedia":[{"embeddable":true,"href":"https:\/\/nvnoticias.mx\/index.php\/wp-json\/wp\/v2\/media\/74328"}],"wp:attachment":[{"href":"https:\/\/nvnoticias.mx\/index.php\/wp-json\/wp\/v2\/media?parent=193856"}],"wp:term":[{"taxonomy":"category","embeddable":true,"href":"https:\/\/nvnoticias.mx\/index.php\/wp-json\/wp\/v2\/categories?post=193856"},{"taxonomy":"post_tag","embeddable":true,"href":"https:\/\/nvnoticias.mx\/index.php\/wp-json\/wp\/v2\/tags?post=193856"}],"curies":[{"name":"wp","href":"https:\/\/api.w.org\/{rel}","templated":true}]}}