{"id":193385,"date":"2025-09-10T14:41:27","date_gmt":"2025-09-10T20:41:27","guid":{"rendered":"https:\/\/nvnoticias.mx\/?p=193385"},"modified":"2025-09-10T14:41:56","modified_gmt":"2025-09-10T20:41:56","slug":"linea-de-la-vida-herramienta-de-apoyo-y-tratamiento-contra-el-suicidio-zoe-robledo","status":"publish","type":"post","link":"https:\/\/nvnoticias.mx\/index.php\/2025\/09\/10\/linea-de-la-vida-herramienta-de-apoyo-y-tratamiento-contra-el-suicidio-zoe-robledo\/","title":{"rendered":"L\u00ednea de la Vida, herramienta de apoyo y tratamiento contra el suicidio: Zo\u00e9 Robledo"},"content":{"rendered":"\n<p>\u00a0En el D\u00eda Mundial de la Prevenci\u00f3n del Suicidio, Zo\u00e9 Robledo, director general del Instituto Mexicano del Seguro Social (IMSS) detall\u00f3 que la instituci\u00f3n trabaja en salud mental y \u201cnos unimos a la campa\u00f1a de la presidenta Claudia Sheinbaum con la L\u00ednea de la Vida, una herramienta de apoyo y tratamiento oportuno\u201d.<\/p>\n\n\n\n<p>En el mundo cada a\u00f1o, 727 mil personas se quitan la vida, y en M\u00e9xico en 2024 ocurrieron 8 mil 856 defunciones por esa raz\u00f3n.<\/p>\n\n\n\n<p>En un video subido a sus redes sociales, Robledo refiri\u00f3 que en estas jornadas se impulsa la campa\u00f1a Empieza por ti, con actividades de sensibilizaci\u00f3n y detecci\u00f3n temprana de padecimientos como ansiedad, depresi\u00f3n y trastornos de p\u00e1nico.<\/p>\n\n\n\n<p>Robledo se\u00f1al\u00f3 que hay cinco acciones sencillas para el autocuidado emocional: buena alimentaci\u00f3n, evitar el alcohol y las drogas, hacer ejercicio, dormir lo suficiente y cultivar relaciones sanas.<\/p>\n\n\n\n<p>Record\u00f3 que cada 10 de septiembre, por iniciativa de la Organizaci\u00f3n Mundial de la Salud (OMS) a escala internacional se recuerda una causa urgente: prevenir el suicidio, ya que la depresi\u00f3n, sobre todo en los j\u00f3venes, es una de sus principales ra\u00edces.<\/p>\n\n\n\n<p>El director general del Seguro Social dijo que en la Semana Nacional de Salud P\u00fablica 2025, la meta es clara: que la salud mental sea reconocida como parte esencial del bienestar integral.<\/p>\n\n\n\n<p>Fuente: La <a href=\"https:\/\/www.jornada.com.mx\/noticia\/2025\/09\/10\/politica\/en-2024-ser-suicidaron-8-mil-856-personas-en-mexico\">Jornada<\/a> <\/p>\n","protected":false},"excerpt":{"rendered":"<p>\u00a0En el D\u00eda Mundial de la Prevenci\u00f3n del Suicidio, Zo\u00e9 Robledo, director general del Instituto Mexicano del Seguro Social (IMSS) detall\u00f3 que la instituci\u00f3n trabaja en salud mental y \u201cnos unimos a la campa\u00f1a de la presidenta Claudia Sheinbaum con la L\u00ednea de la Vida, una herramienta de apoyo y tratamiento oportuno\u201d. En el mundo [&hellip;]<\/p>\n","protected":false},"author":35,"featured_media":193387,"comment_status":"open","ping_status":"open","sticky":false,"template":"","format":"standard","meta":{"_monsterinsights_skip_tracking":false,"_monsterinsights_sitenote_active":false,"_monsterinsights_sitenote_note":"","_monsterinsights_sitenote_category":0,"footnotes":""},"categories":[158],"tags":[5451],"class_list":["post-193385","post","type-post","status-publish","format-standard","has-post-thumbnail","hentry","category-politica","tag-zoe-robledo-2","wp-image-borders"],"amp_enabled":true,"_links":{"self":[{"href":"https:\/\/nvnoticias.mx\/index.php\/wp-json\/wp\/v2\/posts\/193385","targetHints":{"allow":["GET"]}}],"collection":[{"href":"https:\/\/nvnoticias.mx\/index.php\/wp-json\/wp\/v2\/posts"}],"about":[{"href":"https:\/\/nvnoticias.mx\/index.php\/wp-json\/wp\/v2\/types\/post"}],"author":[{"embeddable":true,"href":"https:\/\/nvnoticias.mx\/index.php\/wp-json\/wp\/v2\/users\/35"}],"replies":[{"embeddable":true,"href":"https:\/\/nvnoticias.mx\/index.php\/wp-json\/wp\/v2\/comments?post=193385"}],"version-history":[{"count":3,"href":"https:\/\/nvnoticias.mx\/index.php\/wp-json\/wp\/v2\/posts\/193385\/revisions"}],"predecessor-version":[{"id":193389,"href":"https:\/\/nvnoticias.mx\/index.php\/wp-json\/wp\/v2\/posts\/193385\/revisions\/193389"}],"wp:featuredmedia":[{"embeddable":true,"href":"https:\/\/nvnoticias.mx\/index.php\/wp-json\/wp\/v2\/media\/193387"}],"wp:attachment":[{"href":"https:\/\/nvnoticias.mx\/index.php\/wp-json\/wp\/v2\/media?parent=193385"}],"wp:term":[{"taxonomy":"category","embeddable":true,"href":"https:\/\/nvnoticias.mx\/index.php\/wp-json\/wp\/v2\/categories?post=193385"},{"taxonomy":"post_tag","embeddable":true,"href":"https:\/\/nvnoticias.mx\/index.php\/wp-json\/wp\/v2\/tags?post=193385"}],"curies":[{"name":"wp","href":"https:\/\/api.w.org\/{rel}","templated":true}]}}