{"id":193324,"date":"2025-09-10T09:54:15","date_gmt":"2025-09-10T15:54:15","guid":{"rendered":"https:\/\/nvnoticias.mx\/?p=193324"},"modified":"2025-09-10T09:54:18","modified_gmt":"2025-09-10T15:54:18","slug":"paquete-economico-es-un-presupuesto-humanista-hacienda","status":"publish","type":"post","link":"https:\/\/nvnoticias.mx\/index.php\/2025\/09\/10\/paquete-economico-es-un-presupuesto-humanista-hacienda\/","title":{"rendered":"Paquete Econ\u00f3mico es un &#8220;presupuesto humanista&#8221;: Hacienda"},"content":{"rendered":"\n<p>El Paquete Econ\u00f3mico para el pr\u00f3ximo a\u00f1o, entregado al Congreso el lunes, es un \u201cpresupuesto humanista (&#8230;) va un poco m\u00e1s all\u00e1 de las cifras de los ingresos y de los gastos\u201d, sostuvo el secretario de Hacienda y Cr\u00e9dito P\u00fablico, \u00c9dgar Amador Zamora, al explicar algunos de los ejes de la pol\u00edtica econ\u00f3mica para el pr\u00f3ximo a\u00f1o, sobre todo lo que respecta a los llamados \u201cimpuestos saludables\u201d.<\/p>\n\n\n\n<p>El Paquete Econ\u00f3mico 2026 \u201crefleja los principios centrales de nuestro modelo de desarrollo, basado en una pol\u00edtica econ\u00f3mica que ampl\u00eda los derechos sociales, impulsa el crecimiento y preserva la estabilidad macroecon\u00f3mica, con el objetivo de mantener una senda de consolidaci\u00f3n fiscal gradual (reducir la brecha entre ingreso y gasto), preservar la inversi\u00f3n, sostener el empleo y estimular la actividad productiva, con niveles de deuda sostenibles en el mediano plazo\u201d, afirm\u00f3 en conferencia de prensa.<\/p>\n\n\n\n<p>El compromiso es \u201cdar continuidad a los avances alcanzados en materia social\u201d durante la administraci\u00f3n anterior, como la reducci\u00f3n de la pobreza en 13.4 millones de personas, \u201cal tiempo que se impulsan inversiones estrat\u00e9gicas y se reduce la desigualdad\u201d, enfatiz\u00f3 el funcionario. De ah\u00ed que el presupuesto del pr\u00f3ximo a\u00f1o contemple recursos equivalentes a 3 por ciento del producto interno bruto (PIB) destinados a programas sociales \u2013alrededor de 987 mil millones de pesos\u2013, con impacto directo en aproximadamente 82 por ciento de los hogares mexicanos, ampli\u00f3.<\/p>\n\n\n\n<p>Fuente: La <a href=\"https:\/\/www.jornada.com.mx\/noticia\/2025\/09\/10\/politica\/paquete-economico-es-un-presupuesto-humanista-hacienda\">Jornada<\/a><\/p>\n\n\n\n<p><\/p>\n","protected":false},"excerpt":{"rendered":"<p>El Paquete Econ\u00f3mico para el pr\u00f3ximo a\u00f1o, entregado al Congreso el lunes, es un \u201cpresupuesto humanista (&#8230;) va un poco m\u00e1s all\u00e1 de las cifras de los ingresos y de los gastos\u201d, sostuvo el secretario de Hacienda y Cr\u00e9dito P\u00fablico, \u00c9dgar Amador Zamora, al explicar algunos de los ejes de la pol\u00edtica econ\u00f3mica para el [&hellip;]<\/p>\n","protected":false},"author":35,"featured_media":193325,"comment_status":"open","ping_status":"open","sticky":false,"template":"","format":"standard","meta":{"_monsterinsights_skip_tracking":false,"_monsterinsights_sitenote_active":false,"_monsterinsights_sitenote_note":"","_monsterinsights_sitenote_category":0,"footnotes":""},"categories":[158],"tags":[2698,6017,162],"class_list":["post-193324","post","type-post","status-publish","format-standard","has-post-thumbnail","hentry","category-politica","tag-hacienda","tag-paquete-economico","tag-portada","wp-image-borders"],"amp_enabled":true,"_links":{"self":[{"href":"https:\/\/nvnoticias.mx\/index.php\/wp-json\/wp\/v2\/posts\/193324","targetHints":{"allow":["GET"]}}],"collection":[{"href":"https:\/\/nvnoticias.mx\/index.php\/wp-json\/wp\/v2\/posts"}],"about":[{"href":"https:\/\/nvnoticias.mx\/index.php\/wp-json\/wp\/v2\/types\/post"}],"author":[{"embeddable":true,"href":"https:\/\/nvnoticias.mx\/index.php\/wp-json\/wp\/v2\/users\/35"}],"replies":[{"embeddable":true,"href":"https:\/\/nvnoticias.mx\/index.php\/wp-json\/wp\/v2\/comments?post=193324"}],"version-history":[{"count":5,"href":"https:\/\/nvnoticias.mx\/index.php\/wp-json\/wp\/v2\/posts\/193324\/revisions"}],"predecessor-version":[{"id":193330,"href":"https:\/\/nvnoticias.mx\/index.php\/wp-json\/wp\/v2\/posts\/193324\/revisions\/193330"}],"wp:featuredmedia":[{"embeddable":true,"href":"https:\/\/nvnoticias.mx\/index.php\/wp-json\/wp\/v2\/media\/193325"}],"wp:attachment":[{"href":"https:\/\/nvnoticias.mx\/index.php\/wp-json\/wp\/v2\/media?parent=193324"}],"wp:term":[{"taxonomy":"category","embeddable":true,"href":"https:\/\/nvnoticias.mx\/index.php\/wp-json\/wp\/v2\/categories?post=193324"},{"taxonomy":"post_tag","embeddable":true,"href":"https:\/\/nvnoticias.mx\/index.php\/wp-json\/wp\/v2\/tags?post=193324"}],"curies":[{"name":"wp","href":"https:\/\/api.w.org\/{rel}","templated":true}]}}