{"id":193066,"date":"2025-09-08T09:56:44","date_gmt":"2025-09-08T15:56:44","guid":{"rendered":"https:\/\/nvnoticias.mx\/?p=193066"},"modified":"2025-09-08T09:56:49","modified_gmt":"2025-09-08T15:56:49","slug":"la-rebeldia-de-unos-cuantos","status":"publish","type":"post","link":"https:\/\/nvnoticias.mx\/index.php\/2025\/09\/08\/la-rebeldia-de-unos-cuantos\/","title":{"rendered":"La rebeld\u00eda de unos cuantos"},"content":{"rendered":"\n<p><\/p>\n\n\n\n<p><strong>Edgard Gonz\u00e1lez Su\u00e1rez<\/strong><\/p>\n\n\n\n<p>El pasado 27 de agosto el Rector Mart\u00edn Aguilar S\u00e1nchez ofreci\u00f3 su cuarto informe de gesti\u00f3n ante el Consejo Universitario, y el d\u00eda 28 recibi\u00f3, de parte de la Junta de Gobierno, su constancia de pr\u00f3rroga para un segundo periodo al frente de la Universidad.<\/p>\n\n\n\n<p>No voy a entretenerme en lo obtuso, excluyente y antidemocr\u00e1tico argumento de excluir al actual rector de un segundo periodo, por haber rebasado los 65 a\u00f1os. Ese debate ya qued\u00f3 atr\u00e1s.<\/p>\n\n\n\n<p>A inicios del mes de abril, algunos preocupados y otros aspirantes a suceder a Martin Aguilar en la rector\u00eda, comenzaron a promoverse en algunos c\u00edrculos acad\u00e9micos. El argumento central versaba en su derecho a aspirar a la rector\u00eda y en el impedimento legal de Gerardo Martin Aguilar para seguir al frente de su encargo, por su edad.<\/p>\n\n\n\n<p>Debido a ese \u201cargumento\u201d, se consolid\u00f3 la idea de que el actual Rector no podr\u00eda repetir al frente de la Rector\u00eda porque incumpl\u00eda uno de los requisitos establecidos en la legislaci\u00f3n universitaria. Por ello, el 29 de mayo, la Junta de Gobierno de la Universidad Veracruzana recibi\u00f3 la solicitud del Dr. Mart\u00edn Gerardo Aguilar S\u00e1nchez, actual titular de la Rector\u00eda, para prorrogar su mandato por un periodo adicional.<\/p>\n\n\n\n<p>La recepci\u00f3n de la solicitud gener\u00f3 una oleada de textos, art\u00edculos, memes, y una inquietud en la comunidad universitaria sobre el futuro de una de las decisiones m\u00e1s importantes en nuestra universidad: La designaci\u00f3n del Rector.<\/p>\n\n\n\n<p>Para hacerle frente a la solicitud del Rector y la aceptaci\u00f3n por parte de la Junta de Gobierno, los acad\u00e9micos de todas las regiones donde hay sedes de la Universidad Veracruzana permanecieron a la expectativa, inquietos, pero observando los juicios, criticas, razonamientos, mentiras y ataques personales que varios de los aspirantes y \u201cactivistas\u201d opositores que, con apoyos pol\u00edticos externos y financiamiento, comenzaron a orquestar.<\/p>\n\n\n\n<p>Por su parte, el FESAPAUV, el sindicato que agrupa a todos los acad\u00e9micos de la Universidad Veracruzana permaneci\u00f3 alerta, observando los acontecimientos y esperando que se diera una salida seria y firme ante el diferendo sobre la pr\u00f3rroga. La organizaci\u00f3n sindical m\u00e1s importante de la Universidad permaneci\u00f3 a la expectativa y observando los acontecimientos d\u00eda a d\u00eda.<\/p>\n\n\n\n<p>De una diferencia legal y jur\u00eddica que los aspirantes a la Rector\u00eda ten\u00edan con la junta de Gobierno, se fue transitando al intento, hasta ahora fallido, de \u201cincendiar\u201d a la Universidad con una especie de insurrecci\u00f3n universitaria ante el supuesto atropello. A la inconformidad de los aspirantes, se sumaron los \u201cactivistas\u201d opositores a la administraci\u00f3n rectoral, los tres \u00faltimos exrectores, que se pusieron al frente de las \u201cmovilizaciones\u201d, algunos docentes activos en nuestras facultades, un pu\u00f1ado de alumnos y otro de maestros jubilados. Su movilizaci\u00f3n m\u00e1s grande no ha rebasado las 300 personas, en Xalapa, y nadie o casi nadie en las dem\u00e1s regiones de la Universidad.<\/p>\n\n\n\n<p>En su debilidad pol\u00edtica qued\u00f3 retratada su debilidad jur\u00eddica, seg\u00fan los propios \u201cactivistas\u201d se iniciaron 9 juicios de amparo en contra de la decisi\u00f3n de la Junta de Gobierno, de los cuales seis han sido desechados en primera instancia, aunque todos, querr\u00e1n insistir en el recurso de queja ante el tribunal de circuito. Donde la probabilidad de ganar se presenta a\u00fan m\u00e1s lejana.<\/p>\n\n\n\n<p>Estas derrotas, la pol\u00edtica, la jur\u00eddica y la simb\u00f3lica, han llevado a la oposici\u00f3n universitaria a la franca desesperaci\u00f3n, impaciencia, intranquilidad y a veces pareciera tambi\u00e9n locura.<\/p>\n\n\n\n<p>Lo que empez\u00f3 como una diferencia de interpretaci\u00f3n sobre la pr\u00f3rroga de los aspirantes y la Junta de Gobierno, a los activistas los ha llevado a golpear, al Rector, al Consejo Universitario, a la Junta de Gobierno, y al FESAPAUV (el sindicato de acad\u00e9micos) a quien le han atribuido presiones, manipulaciones e incluso obstrucciones para que la disidencia haga sus movilizaciones.<\/p>\n\n\n\n<p>Desde hace seis meses el FESAPAUV no ha dado ninguna l\u00ednea a los profesores, la prueba es que los que han querido apoyar a la disidencia lo han hecho, dentro de los comit\u00e9s seccionales tenemos varias opiniones, y los maestros, en lo individual, han podido ejercer la opini\u00f3n y\/o tareas que ellos han decidido.<\/p>\n\n\n\n<p>Los exrectores, -que no sabemos bien a bien porque se prestan al rid\u00edculo-, y a los opositores a la pr\u00f3rroga, la desesperaci\u00f3n los ha colocado en la v\u00eda de un ataque planificado y financiado a toda la gobernabilidad de la Universidad Veracruzana, lo que indica un claro y evidente prop\u00f3sito desestabilizador. Y ante este ataque, lleno de manipulaciones y mentiras, el FESAPAUV se ver\u00e1 obligado a movilizar a sus acad\u00e9micos en defensa de la Universidad, su institucionalidad y el trabajo regular y acad\u00e9mico dentro de los espacios universitarios.<\/p>\n\n\n\n<p>Y ya que ellos eligieron la v\u00eda jur\u00eddica para dirimir el diferendo, deber\u00edan esperar los fallos jur\u00eddicos y de no serles favorable el resultado, cesar sus ataques, regresar y ponerse a trabajar.<\/p>\n\n\n\n<p><\/p>\n","protected":false},"excerpt":{"rendered":"<p>Edgard Gonz\u00e1lez Su\u00e1rez El pasado 27 de agosto el Rector Mart\u00edn Aguilar S\u00e1nchez ofreci\u00f3 su cuarto informe de gesti\u00f3n ante el Consejo Universitario, y el d\u00eda 28 recibi\u00f3, de parte de la Junta de Gobierno, su constancia de pr\u00f3rroga para un segundo periodo al frente de la Universidad. No voy a entretenerme en lo obtuso, [&hellip;]<\/p>\n","protected":false},"author":26,"featured_media":193067,"comment_status":"open","ping_status":"open","sticky":false,"template":"","format":"standard","meta":{"_monsterinsights_skip_tracking":false,"_monsterinsights_sitenote_active":false,"_monsterinsights_sitenote_note":"","_monsterinsights_sitenote_category":0,"footnotes":""},"categories":[242],"tags":[702],"class_list":["post-193066","post","type-post","status-publish","format-standard","has-post-thumbnail","hentry","category-macroscopio","tag-edgard-gonzalez-suarez","wp-image-borders"],"amp_enabled":true,"_links":{"self":[{"href":"https:\/\/nvnoticias.mx\/index.php\/wp-json\/wp\/v2\/posts\/193066","targetHints":{"allow":["GET"]}}],"collection":[{"href":"https:\/\/nvnoticias.mx\/index.php\/wp-json\/wp\/v2\/posts"}],"about":[{"href":"https:\/\/nvnoticias.mx\/index.php\/wp-json\/wp\/v2\/types\/post"}],"author":[{"embeddable":true,"href":"https:\/\/nvnoticias.mx\/index.php\/wp-json\/wp\/v2\/users\/26"}],"replies":[{"embeddable":true,"href":"https:\/\/nvnoticias.mx\/index.php\/wp-json\/wp\/v2\/comments?post=193066"}],"version-history":[{"count":2,"href":"https:\/\/nvnoticias.mx\/index.php\/wp-json\/wp\/v2\/posts\/193066\/revisions"}],"predecessor-version":[{"id":193069,"href":"https:\/\/nvnoticias.mx\/index.php\/wp-json\/wp\/v2\/posts\/193066\/revisions\/193069"}],"wp:featuredmedia":[{"embeddable":true,"href":"https:\/\/nvnoticias.mx\/index.php\/wp-json\/wp\/v2\/media\/193067"}],"wp:attachment":[{"href":"https:\/\/nvnoticias.mx\/index.php\/wp-json\/wp\/v2\/media?parent=193066"}],"wp:term":[{"taxonomy":"category","embeddable":true,"href":"https:\/\/nvnoticias.mx\/index.php\/wp-json\/wp\/v2\/categories?post=193066"},{"taxonomy":"post_tag","embeddable":true,"href":"https:\/\/nvnoticias.mx\/index.php\/wp-json\/wp\/v2\/tags?post=193066"}],"curies":[{"name":"wp","href":"https:\/\/api.w.org\/{rel}","templated":true}]}}