{"id":193062,"date":"2025-09-08T09:45:29","date_gmt":"2025-09-08T15:45:29","guid":{"rendered":"https:\/\/nvnoticias.mx\/?p=193062"},"modified":"2025-09-08T09:45:34","modified_gmt":"2025-09-08T15:45:34","slug":"las-mujeres-en-el-centro-de-la-politica-social-de-sheinbaum","status":"publish","type":"post","link":"https:\/\/nvnoticias.mx\/index.php\/2025\/09\/08\/las-mujeres-en-el-centro-de-la-politica-social-de-sheinbaum\/","title":{"rendered":"Las mujeres en el centro de la pol\u00edtica social de Sheinbaum."},"content":{"rendered":"\n<p><\/p>\n\n\n\n<figure class=\"wp-block-pullquote\"><blockquote><p>Alguien como t\u00fa.<br><strong>Gladys P\u00e9rez Maldonado.<\/strong><\/p><\/blockquote><\/figure>\n\n\n\n<p>La tarde del 7 de septiembre de 2025, la presidenta Claudia Sheinbaum se traslad\u00f3 al estado de Veracruz para presentar su primer informe de gobierno ante la ciudadan\u00eda, en el marco de su gira nacional titulada <em>La transformaci\u00f3n avanza<\/em>, el evento tuvo lugar en el estadio de b\u00e9isbol <em>Beto \u00c1vila<\/em>, ubicado en la zona conurbada Veracruz\u2013Boca del R\u00edo, all\u00ed, la mandataria ofreci\u00f3 una rendici\u00f3n de cuentas con perspectiva social, econ\u00f3mica e infraestructura, generando expectativas sobre los programas federales implementados en la regi\u00f3n.<\/p>\n\n\n\n<p>En esta visita, Sheinbaum Pardo destac\u00f3 avances en el sector salud y la implementaci\u00f3n de programas sociales de impacto. En particular, mencion\u00f3 la inauguraci\u00f3n o la rehabilitaci\u00f3n de hospitales en municipios como Nautla, C\u00f3rdoba, Coatzacoalcos y Xalapa, adem\u00e1s de proyectos futuros en Minatitl\u00e1n, P\u00e1nuco, Misantla y Tuxpan&nbsp; .<\/p>\n\n\n\n<p>Destac\u00f3 el programa <em>Mujeres Bienestar<\/em> en el centro de la pol\u00edtica social mexicana, una de las acciones m\u00e1s significativas de su gobierno y altamente relevante para Veracruz es precisamente el programa <em>Mujeres Bienestar<\/em>. Lanzado oficialmente con apertura de inscripci\u00f3n el 1\u00ba de agosto de 2025 en su segunda etapa, este programa reduce la edad m\u00ednima de acceso a 60 a\u00f1os, en principio se planeaba hacerlo para el 2026, sin embargo, gracias a la instrucci\u00f3n directa de la Doctora Claudia Sheinbaum, se adelant\u00f3 su implementaci\u00f3n.<\/p>\n\n\n\n<p>Este programa tiene como meta apoyar econ\u00f3micamente a mujeres de entre 60 y 64 a\u00f1os que viven en condiciones de pobreza, y que a\u00fan no son beneficiarias de la Pensi\u00f3n para el Bienestar de las Personas Adultas Mayores, disponible a partir de los 65 a\u00f1os; se dice que tambi\u00e9n vivan en estado de vulnerabilidad, no obstante, aqu\u00ed hacemos un par\u00e9ntesis, todas las mujeres pertenecemos al sector vulnerable y de atenci\u00f3n prioritaria, por muchas razones hist\u00f3ricas que hemos mencionado en otros espacios y que en breve recordaremos en otra emisi\u00f3n de <em>Alguien como t\u00fa<\/em>. Luego, la vulnerabilidad no es un requisito limitativo para acceder a este benificio, si no, enunciativo de la situaci\u00f3n social de las f\u00e9minas.<\/p>\n\n\n\n<p>Los apoyos consisten en 3 000 pesos bimestrales, depositados directamente en la tarjeta del Banco del Bienestar. El registro final se llev\u00f3 a cabo presencialmente del 1 al 30 de agosto de este a\u00f1o, siguiendo un calendario por inicial del primer apellido, y en zonas rurales o marginadas se previeron visitas domiciliarias realizadas por Servidores de la Naci\u00f3n para facilitar la inscripci\u00f3n.<\/p>\n\n\n\n<p>De acuerdo con las autoridades, m\u00e1s de un mill\u00f3n de mujeres de 63 y 64 a\u00f1os ya reciben los beneficios, y con la ampliaci\u00f3n de edad al rango 60\u201362 se espera una mayor cobertura.<\/p>\n\n\n\n<p>El estado de Veracruz, con su diversidad cultural y significativa poblaci\u00f3n ind\u00edgena, es una de las entidades que m\u00e1s podr\u00eda beneficiarse de este programa a nivel nacional. Muchas comunidades veracruzanas enfrentan condiciones de desventaja econ\u00f3mica, por lo que la llegada de este apoyo econ\u00f3mico representa un acto de justicia social con efectos profundos en la autonom\u00eda y bienestar de las mujeres &nbsp;partir de los 60 a\u00f1os de edad.<\/p>\n\n\n\n<p>Adem\u00e1s, en el contexto local, la entrega de programas como <em>Pensi\u00f3n Mujeres Bienestar<\/em> ha estado acompa\u00f1ada de la implementaci\u00f3n de otros apoyos orientados a emprendedoras y negocios comunitarios, como el programa <em>Apoyo en la Palabra<\/em>, que fortalece la econom\u00eda local, aunque este no tiene un enfoque exclusivo para mujeres mayores, s\u00ed contribuye al entorno socioecon\u00f3mico de nestro estado.<\/p>\n\n\n\n<p>&nbsp;&nbsp;&nbsp;&nbsp;&nbsp;&nbsp;&nbsp;&nbsp;&nbsp; En esta visita oficial, nuestra Presidenta de la Rep\u00fablica dio a conocer la &nbsp;estrategia de di\u00e1logo nacional con la ciudadan\u00eda, se\u00f1al\u00f3 la inversi\u00f3n en obra p\u00fablica, en especial en el sector salud, dignificando los hospitales locales y nuevos proyectos de salud p\u00fablica en varias ciudades veracruzanas.<\/p>\n\n\n\n<p>El ajuste anticipado del programa <em>Mujeres del Bienestar <\/em>para incluir a mujeres de 60 a\u00f1os, con inscripci\u00f3n en agosto e inicio de pagos en septiembre, con el objetivo de atender a un mill\u00f3n de mujeres inicialmente y expandirse progresivamente, demuestra empat\u00eda clara hacia las necesidades de las mujeres a partir de los 60 a\u00f1os de edad.<\/p>\n\n\n\n<p>La visita de la presidenta Claudia Sheinbaum a Veracruz cont\u00f3 con un enfoque claro en reforzar la presencia del gobierno federal en los estados del sur\u2013sureste del pa\u00eds y llevar beneficios sociales de forma tangible, real y concreta. Al situar al programa <em>Mujeres Bienestar<\/em> en el centro de su pol\u00edtica social, reconoce no solo una deuda hist\u00f3rica con las mujeres adultas mayores, particularmente en zonas rurales e ind\u00edgenas, sino tambi\u00e9n la necesidad de impulsar su autonom\u00eda y dignidad.<\/p>\n\n\n\n<p>Este programa, junto con las obras en salud p\u00fablica, brinda no solo soporte inmediato, sino tambi\u00e9n una promesa de transformaci\u00f3n a largo plazo. En el caso de Veracruz, conocido por su rica diversidad cultural y desaf\u00edos estructurales, este tipo de iniciativas marcan un punto de inflexi\u00f3n en la vida de muchas mujeres mayores que ven reconocida su contribuci\u00f3n a la sociedad y sus derechos.<\/p>\n\n\n\n<p>Desde esta trinchera aplaudimos y nos sumamos a la estrategia social con rostro femenino del gobierno que dirige la Presidenta Claudia Sheinbaum Pardo, seguras estamos que nunca m\u00e1s estaremos solas y que <em>Vamos bien y vamos a ir mejor\u2026<\/em><\/p>\n","protected":false},"excerpt":{"rendered":"<p>Alguien como t\u00fa.Gladys P\u00e9rez Maldonado. La tarde del 7 de septiembre de 2025, la presidenta Claudia Sheinbaum se traslad\u00f3 al estado de Veracruz para presentar su primer informe de gobierno ante la ciudadan\u00eda, en el marco de su gira nacional titulada La transformaci\u00f3n avanza, el evento tuvo lugar en el estadio de b\u00e9isbol Beto \u00c1vila, [&hellip;]<\/p>\n","protected":false},"author":45,"featured_media":193063,"comment_status":"open","ping_status":"open","sticky":false,"template":"","format":"standard","meta":{"_monsterinsights_skip_tracking":false,"_monsterinsights_sitenote_active":false,"_monsterinsights_sitenote_note":"","_monsterinsights_sitenote_category":0,"footnotes":""},"categories":[15405],"tags":[15415],"class_list":["post-193062","post","type-post","status-publish","format-standard","has-post-thumbnail","hentry","category-alguien-como-tu","tag-gladys-perez-maldonado","wp-image-borders"],"amp_enabled":true,"_links":{"self":[{"href":"https:\/\/nvnoticias.mx\/index.php\/wp-json\/wp\/v2\/posts\/193062","targetHints":{"allow":["GET"]}}],"collection":[{"href":"https:\/\/nvnoticias.mx\/index.php\/wp-json\/wp\/v2\/posts"}],"about":[{"href":"https:\/\/nvnoticias.mx\/index.php\/wp-json\/wp\/v2\/types\/post"}],"author":[{"embeddable":true,"href":"https:\/\/nvnoticias.mx\/index.php\/wp-json\/wp\/v2\/users\/45"}],"replies":[{"embeddable":true,"href":"https:\/\/nvnoticias.mx\/index.php\/wp-json\/wp\/v2\/comments?post=193062"}],"version-history":[{"count":2,"href":"https:\/\/nvnoticias.mx\/index.php\/wp-json\/wp\/v2\/posts\/193062\/revisions"}],"predecessor-version":[{"id":193065,"href":"https:\/\/nvnoticias.mx\/index.php\/wp-json\/wp\/v2\/posts\/193062\/revisions\/193065"}],"wp:featuredmedia":[{"embeddable":true,"href":"https:\/\/nvnoticias.mx\/index.php\/wp-json\/wp\/v2\/media\/193063"}],"wp:attachment":[{"href":"https:\/\/nvnoticias.mx\/index.php\/wp-json\/wp\/v2\/media?parent=193062"}],"wp:term":[{"taxonomy":"category","embeddable":true,"href":"https:\/\/nvnoticias.mx\/index.php\/wp-json\/wp\/v2\/categories?post=193062"},{"taxonomy":"post_tag","embeddable":true,"href":"https:\/\/nvnoticias.mx\/index.php\/wp-json\/wp\/v2\/tags?post=193062"}],"curies":[{"name":"wp","href":"https:\/\/api.w.org\/{rel}","templated":true}]}}