{"id":19295,"date":"2021-07-23T11:27:42","date_gmt":"2021-07-23T16:27:42","guid":{"rendered":"https:\/\/nvnoticias.mx\/?p=19295"},"modified":"2021-07-23T11:27:43","modified_gmt":"2021-07-23T16:27:43","slug":"el-dilema-de-marko-cortes","status":"publish","type":"post","link":"https:\/\/nvnoticias.mx\/index.php\/2021\/07\/23\/el-dilema-de-marko-cortes\/","title":{"rendered":"El dilema de Marko Cort\u00e9s"},"content":{"rendered":"\n<p class=\"has-text-align-right\"><strong>Juan Jos\u00e9 Rodr\u00edguez Prats<\/strong><\/p>\n\n\n\n<blockquote class=\"wp-block-quote is-layout-flow wp-block-quote-is-layout-flow\"><p><em>El hombre no pertenece ni a su lengua ni a su raza; no pertenece m\u00e1s que a s\u00ed mismo, ya que es libre, es decir, un ser moral<\/em>.<\/p><cite>Ren\u00e1n<\/cite><\/blockquote>\n\n\n\n<p>\u00a0\u00a0\u00a0\u00a0\u00a0\u00a0\u00a0\u00a0\u00a0\u00a0 <\/p>\n\n\n\n<p>Marko Cort\u00e9s puede designar a quienes no corresponden al perfil panista en los cargos que, como presidente del PAN, son de su competencia en funci\u00f3n de apoyos rec\u00edprocos en su aspiraci\u00f3n de reelegirse. Puede negarse a que se audite el padr\u00f3n de militantes para darle mayor certidumbre al proceso de renovaci\u00f3n de la dirigencia partidista. Y puede lograr su prop\u00f3sito de continuar siendo jefe nacional del partido de oposici\u00f3n con mayor votaci\u00f3n. Esto tiene un precio: el da\u00f1o a la instituci\u00f3n lo mermar\u00eda en sus posibilidades electorales futuras y para \u00e9l significar\u00eda su suicidio pol\u00edtico. Y es que cuando un pol\u00edtico se obsesiona con lo inmediato y pierde la perspectiva de largo plazo, sus aparentes victorias se tornan derrotas ignominiosas y con efectos m\u00e1s duraderos.<\/p>\n\n\n\n<p>Al inicio de mi carrera pol\u00edtica, Mario Trujillo Garc\u00eda (gobernador de Tabasco, 1970-1976) no cesaba de repetirme: \u201cAdministra tu capital pol\u00edtico. No apuestes al todo o nada en las primeras partidas\u201d. Har\u00eda bien Marko en ver la suerte que ha corrido su correligionario Ricardo Anaya.<\/p>\n\n\n\n<p>La vieja y primigenia controversia entre pecar por acci\u00f3n o por omisi\u00f3n es otro aspecto en la vida del PAN, pues tan grave es que un militante est\u00e9 dispuesto a todo para realizar ambiciones sin importar los principios, como aquellos que, por ego\u00edsmo, se niegan a participar. Sinceramente no s\u00e9 qui\u00e9nes hacen m\u00e1s da\u00f1o.<\/p>\n\n\n\n<p>Me opuse a la elecci\u00f3n de Marko Cort\u00e9s y se lo dije personalmente. Debo reconocer que su desempe\u00f1o ha tenido logros. Est\u00e1 en su derecho de intentar reelegirse, pero no como lo est\u00e1 haciendo. Ahora muchos panistas esperamos que se postule alguien que se aproxime a los requerimientos de un liderazgo de oposici\u00f3n. Desafortunadamente, a los muchos que el PAN ha proyectado les falta la voluntad y el valor de asumir el reto. La persistente deserci\u00f3n del deber c\u00edvico.<\/p>\n\n\n\n<p>La historia del PAN es la biograf\u00eda de grandes mexicanos que, con generosidad, sirvieron a una causa. Jam\u00e1s preguntaron sobre las posibilidades de triunfo. Recuerdo que Carlos Castillo Peraza presum\u00eda haber perdido todas las contiendas electorales en las que particip\u00f3.<\/p>\n\n\n\n<p>Propuestas van y vienen sobre lo que debemos hacer, pero el verbo debe encarnar y hacerse persona. Tampoco debe esperarse al l\u00edder mesi\u00e1nico ni al gran tlatoani. Eso es lo que hacen los de enfrente. Lo que s\u00ed exijo es el ejercicio elemental de justipreciarse; esto es, el an\u00e1lisis m\u00e1s objetivo posible, poniendo los valores por encima de las aspiraciones personales. Bien lo escribe Salvador Camarena, \u201cel PAN es todav\u00eda demasiado importante como para que sus l\u00edderes s\u00f3lo piensen en s\u00ed mismos y no en el pa\u00eds\u201d.<\/p>\n\n\n\n<p>Lo cierto es que el partido de G\u00f3mez Morin ha superado sus crisis mediante grandes reencuentros: dirigentes y militancia, principios y realidades, sinceros ejercicios autocr\u00edticos y grandes acuerdos para acciones colectivas. Retorno de panistas y apertura a nuevos aspirantes identificados por una doctrina que tiene m\u00e1s vigencia que nunca.<\/p>\n\n\n\n<p>Hay en M\u00e9xico un vac\u00edo en la oposici\u00f3n al gobierno, sobre todo un vac\u00edo de discurso pol\u00edtico. La palabra se ha desinflado, las ideas son an\u00e9micas. Recuperar credibilidad y confianza no es tarea f\u00e1cil. Recientemente le\u00ed un precioso pensamiento atribuido al novelista italiano Ignazio Silone: \u201cVale la pena seguir luchando, no porque haya un nirvana que alcanzar ni porque haya una sociedad perfecta que construir, sino porque la apat\u00eda insensibilizadora y adormecedora destruye el alma\u201d. Y a una de mis hero\u00ednas, la parlamentaria Cayetana \u00c1lvarez, le escuch\u00e9 una provocadora invitaci\u00f3n: hay que invertir en democracia.<\/p>\n\n\n\n<p>S\u00ed, el dilema de Marko y su decisi\u00f3n tendr\u00e1n una innegable trascendencia, como la tendr\u00e1, sin duda, la respuesta del panismo.<\/p>\n","protected":false},"excerpt":{"rendered":"<p>Juan Jos\u00e9 Rodr\u00edguez Prats El hombre no pertenece ni a su lengua ni a su raza; no pertenece m\u00e1s que a s\u00ed mismo, ya que es libre, es decir, un ser moral. Ren\u00e1n \u00a0\u00a0\u00a0\u00a0\u00a0\u00a0\u00a0\u00a0\u00a0\u00a0 Marko Cort\u00e9s puede designar a quienes no corresponden al perfil panista en los cargos que, como presidente del PAN, son de [&hellip;]<\/p>\n","protected":false},"author":17,"featured_media":18327,"comment_status":"open","ping_status":"open","sticky":false,"template":"","format":"standard","meta":{"_monsterinsights_skip_tracking":false,"_monsterinsights_sitenote_active":false,"_monsterinsights_sitenote_note":"","_monsterinsights_sitenote_category":0,"footnotes":""},"categories":[614],"tags":[397],"class_list":["post-19295","post","type-post","status-publish","format-standard","has-post-thumbnail","hentry","category-politica-de-principios","tag-juan-jose-rodriguez-prats-2","wp-image-borders"],"amp_enabled":true,"_links":{"self":[{"href":"https:\/\/nvnoticias.mx\/index.php\/wp-json\/wp\/v2\/posts\/19295","targetHints":{"allow":["GET"]}}],"collection":[{"href":"https:\/\/nvnoticias.mx\/index.php\/wp-json\/wp\/v2\/posts"}],"about":[{"href":"https:\/\/nvnoticias.mx\/index.php\/wp-json\/wp\/v2\/types\/post"}],"author":[{"embeddable":true,"href":"https:\/\/nvnoticias.mx\/index.php\/wp-json\/wp\/v2\/users\/17"}],"replies":[{"embeddable":true,"href":"https:\/\/nvnoticias.mx\/index.php\/wp-json\/wp\/v2\/comments?post=19295"}],"version-history":[{"count":1,"href":"https:\/\/nvnoticias.mx\/index.php\/wp-json\/wp\/v2\/posts\/19295\/revisions"}],"predecessor-version":[{"id":19296,"href":"https:\/\/nvnoticias.mx\/index.php\/wp-json\/wp\/v2\/posts\/19295\/revisions\/19296"}],"wp:featuredmedia":[{"embeddable":true,"href":"https:\/\/nvnoticias.mx\/index.php\/wp-json\/wp\/v2\/media\/18327"}],"wp:attachment":[{"href":"https:\/\/nvnoticias.mx\/index.php\/wp-json\/wp\/v2\/media?parent=19295"}],"wp:term":[{"taxonomy":"category","embeddable":true,"href":"https:\/\/nvnoticias.mx\/index.php\/wp-json\/wp\/v2\/categories?post=19295"},{"taxonomy":"post_tag","embeddable":true,"href":"https:\/\/nvnoticias.mx\/index.php\/wp-json\/wp\/v2\/tags?post=19295"}],"curies":[{"name":"wp","href":"https:\/\/api.w.org\/{rel}","templated":true}]}}