{"id":192859,"date":"2025-09-05T20:45:33","date_gmt":"2025-09-06T02:45:33","guid":{"rendered":"https:\/\/nvnoticias.mx\/?p=192859"},"modified":"2025-09-05T20:45:37","modified_gmt":"2025-09-06T02:45:37","slug":"linnah-rebolledo-se-viste-de-gloriosa","status":"publish","type":"post","link":"https:\/\/nvnoticias.mx\/index.php\/2025\/09\/05\/linnah-rebolledo-se-viste-de-gloriosa\/","title":{"rendered":"Linnah Rebolledo se viste de Gloriosa"},"content":{"rendered":"\n<p><\/p>\n\n\n\n<p>Las Gloriosas suman una jugadora con etiqueta seleccionada nacional y con bateo de respeto, con la llegada de la jardinera Linnah Rebolledo a El \u00c1guila Softbol para la temporada 2026 de la Liga Mexicana de Softbol (LMS).<\/p>\n\n\n\n<p>La Gerencia deportiva encabezada por Andrea Valdez informa sobre un movimiento definitivo con Charros de Jalisco en la que El \u00c1guila env\u00eda a Fernanda Higuera y la organizaci\u00f3n jarocha recibe a Linnah Rebolledo.<\/p>\n\n\n\n<p>Linnah Rebolledo es una mexicana nacida en Estados Unidos y que jug\u00f3 softbol a nivel colegial con la Universidad de Utah Valley y fue parte clave del primer campeonato de Charros en la Liga Mexicana de Softbol en el 2024.<\/p>\n\n\n\n<p>Rebolledo cuenta con un historial a nivel Selecci\u00f3n Mexicana de Softbol, como medalla de Bronce en los Juegos Centroamericanos de San Salvador y cuarto lugar con M\u00e9xico en los Juegos Panamericanos Santiago 2023.<\/p>\n\n\n\n<p>Linnah solo vio acci\u00f3n en seis juegos en la temporada 2025, debido a una fractura en el rostro que le impidi\u00f3 continuar la temporada; Rebolledo se caracteriza adem\u00e1s de tener una buena defensiva, un bateo explosivo y un buen corrido de bases.<\/p>\n\n\n\n<p>El \u00c1guila de Veracruz le desea el mejor de los \u00e9xitos en su carrera a Fernanda Higuera ahora en Charros y siempre ser\u00e1 parte de la historia de las Gloriosas.<\/p>\n","protected":false},"excerpt":{"rendered":"<p>Las Gloriosas suman una jugadora con etiqueta seleccionada nacional y con bateo de respeto, con la llegada de la jardinera Linnah Rebolledo a El \u00c1guila Softbol para la temporada 2026 de la Liga Mexicana de Softbol (LMS). La Gerencia deportiva encabezada por Andrea Valdez informa sobre un movimiento definitivo con Charros de Jalisco en la [&hellip;]<\/p>\n","protected":false},"author":8,"featured_media":192860,"comment_status":"open","ping_status":"open","sticky":false,"template":"","format":"standard","meta":{"_monsterinsights_skip_tracking":false,"_monsterinsights_sitenote_active":false,"_monsterinsights_sitenote_note":"","_monsterinsights_sitenote_category":0,"footnotes":""},"categories":[159],"tags":[28987,32289],"class_list":["post-192859","post","type-post","status-publish","format-standard","has-post-thumbnail","hentry","category-deportes","tag-el-aguila-de-veracruz-femenil","tag-linnah-rebolledo","wp-image-borders"],"amp_enabled":true,"_links":{"self":[{"href":"https:\/\/nvnoticias.mx\/index.php\/wp-json\/wp\/v2\/posts\/192859","targetHints":{"allow":["GET"]}}],"collection":[{"href":"https:\/\/nvnoticias.mx\/index.php\/wp-json\/wp\/v2\/posts"}],"about":[{"href":"https:\/\/nvnoticias.mx\/index.php\/wp-json\/wp\/v2\/types\/post"}],"author":[{"embeddable":true,"href":"https:\/\/nvnoticias.mx\/index.php\/wp-json\/wp\/v2\/users\/8"}],"replies":[{"embeddable":true,"href":"https:\/\/nvnoticias.mx\/index.php\/wp-json\/wp\/v2\/comments?post=192859"}],"version-history":[{"count":1,"href":"https:\/\/nvnoticias.mx\/index.php\/wp-json\/wp\/v2\/posts\/192859\/revisions"}],"predecessor-version":[{"id":192861,"href":"https:\/\/nvnoticias.mx\/index.php\/wp-json\/wp\/v2\/posts\/192859\/revisions\/192861"}],"wp:featuredmedia":[{"embeddable":true,"href":"https:\/\/nvnoticias.mx\/index.php\/wp-json\/wp\/v2\/media\/192860"}],"wp:attachment":[{"href":"https:\/\/nvnoticias.mx\/index.php\/wp-json\/wp\/v2\/media?parent=192859"}],"wp:term":[{"taxonomy":"category","embeddable":true,"href":"https:\/\/nvnoticias.mx\/index.php\/wp-json\/wp\/v2\/categories?post=192859"},{"taxonomy":"post_tag","embeddable":true,"href":"https:\/\/nvnoticias.mx\/index.php\/wp-json\/wp\/v2\/tags?post=192859"}],"curies":[{"name":"wp","href":"https:\/\/api.w.org\/{rel}","templated":true}]}}