{"id":192315,"date":"2025-09-01T10:33:31","date_gmt":"2025-09-01T16:33:31","guid":{"rendered":"https:\/\/nvnoticias.mx\/?p=192315"},"modified":"2025-09-01T10:33:35","modified_gmt":"2025-09-01T16:33:35","slug":"sheinbaum-el-hilo-rojo-y-la-genealogia-del-poder","status":"publish","type":"post","link":"https:\/\/nvnoticias.mx\/index.php\/2025\/09\/01\/sheinbaum-el-hilo-rojo-y-la-genealogia-del-poder\/","title":{"rendered":"Sheinbaum: el hilo rojo y la genealog\u00eda del poder"},"content":{"rendered":"\n<p>Por <a href=\"https:\/\/www.facebook.com\/YoldiNews?__cft__[0]=AZV_7Rj32T2BjYfT6-9MJCo3e-2ejaB15GDx_g3O4ScXkeQ476VdU6Mvqh0P9txsMQFYgZ77t4kU29FWLJgQgcdpF_iKHfaCVIH2Lamg4a01doc4MwFzDSWamJpdd33ONg2qsPt699x7vb3DpWdB6EAZa3Ba4DmNrixh2YPMPfdEjA&amp;__tn__=-]K-R\">Art1llero<\/a><\/p>\n\n\n\n<p>La fotograf\u00eda que Claudia Sheinbaum comparti\u00f3 este domingo 31 de agosto por la tarde, condensa en una sola imagen la dualidad de su presidencia: la dimensi\u00f3n \u00edntima y humana de unos hilos rojos en su mano derecha, s\u00edmbolo de protecci\u00f3n personal, y la solemnidad de una genealog\u00eda pol\u00edtica que se proyecta en el retrato al fondo, donde aparecen Andr\u00e9s Manuel L\u00f3pez Obrador, Ifigenia Mart\u00ednez y la propia Sheinbaum.<\/p>\n\n\n\n<p>Ese cuadro no es una pieza decorativa, es el recordatorio de que su presidencia no surge de la nada. All\u00ed est\u00e1n las ra\u00edces de un proyecto pol\u00edtico -el lopezobradorismo como fuerza inmediata y la izquierda hist\u00f3rica representada por Ifigenia- del cual ella es heredera y continuadora.<\/p>\n\n\n\n<p>La inclusi\u00f3n de su figura en esa fotograf\u00eda convierte al cuadro en un espejo retrovisor, Sheinbaum observa hacia adelante, pero detr\u00e1s de ella se levanta el testimonio de la legitimidad que reclama para s\u00ed.<\/p>\n\n\n\n<p>La escena central refuerza el discurso de poder en acci\u00f3n; la presidenta no est\u00e1 sentada en contemplaci\u00f3n, est\u00e1 de pie, con el tel\u00e9fono fijo en la mano, inclinada hacia adelante; ese es un gesto que transmite firmeza, concentraci\u00f3n y autoridad. No hay rastro de improvisaci\u00f3n, se proyecta la imagen de una mandataria que gobierna con presencia activa, con la convicci\u00f3n de que el poder se ejerce en la acci\u00f3n, hablando y decidiendo.<\/p>\n\n\n\n<p>Pero hay un detalle que rompe con la solemnidad de la oficina presidencial, unos hilos rojos que sobresalen de su mu\u00f1eca derecha. Se trata de un elemento m\u00ednimo, casi inadvertido, que introduce otra lectura. En la cultura popular mexicana, esos hilos son amuletos de protecci\u00f3n, s\u00edmbolos contra \u201cel mal de ojo\u201d, contra la envidia, contra las fuerzas invisibles que acechan a quien est\u00e1 en la cima.<\/p>\n\n\n\n<p>Su presencia en la mano de la presidenta revela que, incluso en el epicentro del poder institucional, la dimensi\u00f3n humana no desaparece. La cient\u00edfica rigurosa convive con la mujer que recurre a un gesto de fe o superstici\u00f3n; la mandataria que se apoya en s\u00edmbolos republicanos no renuncia a pr\u00e1cticas culturales que la conectan con lo cotidiano y lo \u00edntimo.<\/p>\n\n\n\n<p>La imagen condensa el inicio de un sexenio. Una presidenta en funciones, heredera de un proyecto pol\u00edtico que se proclama hist\u00f3rico, pero tambi\u00e9n una figura que introduce sus propios matices: sobriedad en el vestir con un gui\u00f1o a la tradici\u00f3n mexicana en el bordado de la blusa; institucionalidad en los s\u00edmbolos, y la condici\u00f3n humana representada en el hilo rojo. Es el retrato de un poder que no busca disfrazar su origen y que no esconde la necesidad de protecci\u00f3n frente a las tormentas y amenazas que enfrenta.<\/p>\n","protected":false},"excerpt":{"rendered":"<p>Por Art1llero La fotograf\u00eda que Claudia Sheinbaum comparti\u00f3 este domingo 31 de agosto por la tarde, condensa en una sola imagen la dualidad de su presidencia: la dimensi\u00f3n \u00edntima y humana de unos hilos rojos en su mano derecha, s\u00edmbolo de protecci\u00f3n personal, y la solemnidad de una genealog\u00eda pol\u00edtica que se proyecta en el [&hellip;]<\/p>\n","protected":false},"author":11,"featured_media":192326,"comment_status":"open","ping_status":"open","sticky":false,"template":"","format":"standard","meta":{"_monsterinsights_skip_tracking":false,"_monsterinsights_sitenote_active":false,"_monsterinsights_sitenote_note":"","_monsterinsights_sitenote_category":0,"footnotes":""},"categories":[429],"tags":[430],"class_list":["post-192315","post","type-post","status-publish","format-standard","has-post-thumbnail","hentry","category-artillero","tag-moises-hernandez-yoldi","wp-image-borders"],"amp_enabled":true,"_links":{"self":[{"href":"https:\/\/nvnoticias.mx\/index.php\/wp-json\/wp\/v2\/posts\/192315","targetHints":{"allow":["GET"]}}],"collection":[{"href":"https:\/\/nvnoticias.mx\/index.php\/wp-json\/wp\/v2\/posts"}],"about":[{"href":"https:\/\/nvnoticias.mx\/index.php\/wp-json\/wp\/v2\/types\/post"}],"author":[{"embeddable":true,"href":"https:\/\/nvnoticias.mx\/index.php\/wp-json\/wp\/v2\/users\/11"}],"replies":[{"embeddable":true,"href":"https:\/\/nvnoticias.mx\/index.php\/wp-json\/wp\/v2\/comments?post=192315"}],"version-history":[{"count":2,"href":"https:\/\/nvnoticias.mx\/index.php\/wp-json\/wp\/v2\/posts\/192315\/revisions"}],"predecessor-version":[{"id":192330,"href":"https:\/\/nvnoticias.mx\/index.php\/wp-json\/wp\/v2\/posts\/192315\/revisions\/192330"}],"wp:featuredmedia":[{"embeddable":true,"href":"https:\/\/nvnoticias.mx\/index.php\/wp-json\/wp\/v2\/media\/192326"}],"wp:attachment":[{"href":"https:\/\/nvnoticias.mx\/index.php\/wp-json\/wp\/v2\/media?parent=192315"}],"wp:term":[{"taxonomy":"category","embeddable":true,"href":"https:\/\/nvnoticias.mx\/index.php\/wp-json\/wp\/v2\/categories?post=192315"},{"taxonomy":"post_tag","embeddable":true,"href":"https:\/\/nvnoticias.mx\/index.php\/wp-json\/wp\/v2\/tags?post=192315"}],"curies":[{"name":"wp","href":"https:\/\/api.w.org\/{rel}","templated":true}]}}