{"id":192242,"date":"2025-08-31T13:24:28","date_gmt":"2025-08-31T19:24:28","guid":{"rendered":"https:\/\/nvnoticias.mx\/?p=192242"},"modified":"2025-08-31T13:24:32","modified_gmt":"2025-08-31T19:24:32","slug":"shakira-y-belinda-cantan-dia-de-enero-junto-en-ultimo-concierto-en-cdmx","status":"publish","type":"post","link":"https:\/\/nvnoticias.mx\/index.php\/2025\/08\/31\/shakira-y-belinda-cantan-dia-de-enero-junto-en-ultimo-concierto-en-cdmx\/","title":{"rendered":"Shakira y Belinda cantan \u201cD\u00eda de Enero\u201d junto en \u00faltimo concierto en CDMX"},"content":{"rendered":"\n<p><\/p>\n\n\n\n<p>Ya se especulaba la presencia de Belinda en \u201cLas mujeres ya no lloran World Tour\u201d de Shakira, acto que sucedi\u00f3 finalmente en el doceavo concierto y cierre de una gira hist\u00f3rica de la artista en la capital mexicana. La colombiana continuar\u00e1 su gira por el pa\u00eds este septiembre con fechas en Quer\u00e9taro, Jalisco y Puebla.\u00a0<\/p>\n\n\n\n<p>Las redes sociales dieron muestra de la presentaci\u00f3n en donde Shakira invit\u00f3 a Belinda para interpretar el tema \u201cD\u00eda de Enero\u201d, del disco Fijaci\u00f3n Oral Vol. I. Fue la sorpresa en la \u00faltima fecha en la CDMX, pues como Proceso hab\u00eda adelantado desde la primera fecha se \u2018barajeaba\u2019 la posibilidad de que fuera la cantante de \u2018Heterocrom\u00eda\u2019 o Kenia Os.\u00a0\u00a0<\/p>\n\n\n\n<p>\u201c\u00a1Es un verdadero ejemplo de trabajo, perseverancia, talento y belleza: con ustedes, Belinda!..\u201d, fueron las palabras de la colombiana para hacerla pasar al escenario.&nbsp;<\/p>\n\n\n\n<p>La mexicana apareci\u00f3 con un atuendo en blanco, pantal\u00f3n con detalles de plumas y top en plata, mientras Shakira luci\u00f3 un vestido de piedras y brillos, y sobre una tarima en lo alto, con un m\u00fasico con guitarra como acompa\u00f1amiento, las artistas interpretaron la balada.&nbsp;<\/p>\n\n\n\n<p>\u201cD\u00eda de Enero\u201d es uno de los tres sencillos que se incorporaron al repertorio musical en el regreso de Shakira a esta ciudad. El tema ha vuelto a cobrar inter\u00e9s al conocerse a mediados de mes la renovaci\u00f3n de \u201camistad\u201d de la colombiana con su ex, Antonio de la R\u00faa (a quien dedic\u00f3 la canci\u00f3n), pues adem\u00e1s de que el argentino se incorpor\u00f3 como parte de su equipo de trabajo circulan rumores de una reconciliaci\u00f3n.<\/p>\n\n\n\n<figure class=\"wp-block-embed is-type-rich is-provider-twitter wp-block-embed-twitter\"><div class=\"wp-block-embed__wrapper\">\nhttps:\/\/twitter.com\/Indie5051\/status\/1962032258107281819\n<\/div><\/figure>\n\n\n\n<p>Hay que recordar que Danna fue la primera invitada en la vuelta de la gira \u2013el pasado 26 de agosto\u2013 y en esa ocasi\u00f3n interpretaron \u201cSoltera\u201d.&nbsp;&nbsp;<\/p>\n\n\n\n<p>Como material publicitaron para esa canci\u00f3n Shakira invit\u00f3 a una reuni\u00f3n a diferentes artistas, entre ellas estuvieron Kenia Os, Danna, Lele Pons, Natti Natasha, Greeicy, Farina y Belinda, de ah\u00ed que haya aparecido Danna y se especularan posibles invitadas. En otros momentos de la gira por Estados Unidos y Latinoam\u00e9rica la colombiana ha tenido a diversos invitados como Carlos Vives, Maluma, Wyclef Jean, Alejandro Sanz, Rauw Alejandro, Ozuna y Alejandro Sanz.&nbsp;<\/p>\n\n\n\n<p>La \u201cLoba\u201d, pseud\u00f3nimo con la que se refieren sus fans luego del disco hom\u00f3nimo, continuar\u00e1 su gira por el pa\u00eds este 2 y 3 de septiembre en la ciudad de Quer\u00e9taro; 6 de septiembre en Guadalajara, Jalisco; para despedirse el 11 y 12 de septiembre en Puebla.&nbsp;<\/p>\n\n\n\n<p>Fuente: <a href=\"https:\/\/www.proceso.com.mx\/cultura\/2025\/8\/31\/belinda-canta-dia-de-enero-junto-shakira-en-ultimo-concierto-en-cdmx-videos-357864.html\">Proceso<\/a><\/p>\n","protected":false},"excerpt":{"rendered":"<p>Ya se especulaba la presencia de Belinda en \u201cLas mujeres ya no lloran World Tour\u201d de Shakira, acto que sucedi\u00f3 finalmente en el doceavo concierto y cierre de una gira hist\u00f3rica de la artista en la capital mexicana. La colombiana continuar\u00e1 su gira por el pa\u00eds este septiembre con fechas en Quer\u00e9taro, Jalisco y Puebla.\u00a0 [&hellip;]<\/p>\n","protected":false},"author":6,"featured_media":192243,"comment_status":"open","ping_status":"open","sticky":false,"template":"","format":"standard","meta":{"_monsterinsights_skip_tracking":false,"_monsterinsights_sitenote_active":false,"_monsterinsights_sitenote_note":"","_monsterinsights_sitenote_category":0,"footnotes":""},"categories":[576],"tags":[1705,15601],"class_list":["post-192242","post","type-post","status-publish","format-standard","has-post-thumbnail","hentry","category-ocio","tag-belinda","tag-shakira","wp-image-borders"],"amp_enabled":true,"_links":{"self":[{"href":"https:\/\/nvnoticias.mx\/index.php\/wp-json\/wp\/v2\/posts\/192242","targetHints":{"allow":["GET"]}}],"collection":[{"href":"https:\/\/nvnoticias.mx\/index.php\/wp-json\/wp\/v2\/posts"}],"about":[{"href":"https:\/\/nvnoticias.mx\/index.php\/wp-json\/wp\/v2\/types\/post"}],"author":[{"embeddable":true,"href":"https:\/\/nvnoticias.mx\/index.php\/wp-json\/wp\/v2\/users\/6"}],"replies":[{"embeddable":true,"href":"https:\/\/nvnoticias.mx\/index.php\/wp-json\/wp\/v2\/comments?post=192242"}],"version-history":[{"count":2,"href":"https:\/\/nvnoticias.mx\/index.php\/wp-json\/wp\/v2\/posts\/192242\/revisions"}],"predecessor-version":[{"id":192245,"href":"https:\/\/nvnoticias.mx\/index.php\/wp-json\/wp\/v2\/posts\/192242\/revisions\/192245"}],"wp:featuredmedia":[{"embeddable":true,"href":"https:\/\/nvnoticias.mx\/index.php\/wp-json\/wp\/v2\/media\/192243"}],"wp:attachment":[{"href":"https:\/\/nvnoticias.mx\/index.php\/wp-json\/wp\/v2\/media?parent=192242"}],"wp:term":[{"taxonomy":"category","embeddable":true,"href":"https:\/\/nvnoticias.mx\/index.php\/wp-json\/wp\/v2\/categories?post=192242"},{"taxonomy":"post_tag","embeddable":true,"href":"https:\/\/nvnoticias.mx\/index.php\/wp-json\/wp\/v2\/tags?post=192242"}],"curies":[{"name":"wp","href":"https:\/\/api.w.org\/{rel}","templated":true}]}}