{"id":19214,"date":"2021-07-22T13:22:38","date_gmt":"2021-07-22T18:22:38","guid":{"rendered":"https:\/\/nvnoticias.mx\/?p=19214"},"modified":"2021-07-22T13:22:39","modified_gmt":"2021-07-22T18:22:39","slug":"alerta-la-ops-por-alza-de-contagios-en-mexico","status":"publish","type":"post","link":"https:\/\/nvnoticias.mx\/index.php\/2021\/07\/22\/alerta-la-ops-por-alza-de-contagios-en-mexico\/","title":{"rendered":"Alerta la OPS por alza de contagios en M\u00e9xico"},"content":{"rendered":"\n<p>La Organizaci\u00f3n Panamericana de la Salud (OPS) alert\u00f3 ayer por el \u201cincremento significativo\u201d de casos de Covid-19 en M\u00e9xico, al tiempo que la Organizaci\u00f3n Mundial de la Salud (OMS) se\u00f1al\u00f3 que el n\u00famero de contagios globales de coronavirus <strong>podr\u00eda llegar a los 200 millones en las pr\u00f3ximas semanas si se mantiene el actual ritmo ascendente.<\/strong><\/p>\n\n\n\n<p>En la conferencia de prensa semanal con las actualizaciones sobre la pandemia, el director de Emergencias en Salud de la OPS, Ciro Ugarte, remarc\u00f3 que \u201cel n\u00famero de casos en M\u00e9xico, como en muchos otros pa\u00edses en la regi\u00f3n, est\u00e1 mostrando un incremento significativo: entre el 19 y 20 de julio sumaron 13 mil 853 casos confirmados y 341 defunciones de Covid-19\u201d. Estamos, se\u00f1al\u00f3, \u201cen una fase de incremento de casos, la ocupaci\u00f3n de camas y con ventilador han subido algunos puntos\u201d.<\/p>\n\n\n\n<p>Sin embargo, Ugarte mencion\u00f3 que <em>\u201cla cobertura de vacunaci\u00f3n en M\u00e9xico est\u00e1 alrededor de 43% en edades de 18 a\u00f1os en adelante y se est\u00e1n recibiendo embarques de vacunas adicionales; por lo tanto, la vacunaci\u00f3n continuar\u00e1\u201d.<\/em> Los inmunizados hasta el momento son las personas \u201cde mayor riesgo\u201d, por lo que se espera que a pesar del incremento de casos, \u201cse pueda mantener la tasa de mortalidad\u201d.<\/p>\n\n\n\n<p>En ese sentido, Ugarte destac\u00f3 que \u201cser\u00e1 muy importante que en verano\u201d y en esta fase de reapertura tur\u00edstica, \u201cla poblaci\u00f3n contin\u00fae adoptando las medidas de protecci\u00f3n, especialmente cuando el distanciamiento f\u00edsico es m\u00e1s dif\u00edcil. Es un desaf\u00edo\u201d.<\/p>\n\n\n\n<p>La OPS expres\u00f3 su particular preocupaci\u00f3n por el caso de Cuba donde, de acuerdo con Carisa Etienne, directora de la OPS, se reportan \u201caumentos dram\u00e1ticos\u201d de contagios. Ugarte mencion\u00f3 que Cuba registr\u00f3 el mayor n\u00famero de contagios semanales en todo el pa\u00eds desde el inicio de la pandemia: 43 mil, con un promedio de 6 mil 999 casos diarios.<br>OPS alerta por alza de contagios en M\u00e9xico<\/p>\n\n\n\n<p><strong>De acuerdo con la OMS, del 12 al 18 de julio los contagios globales aumentaron 12%, con m\u00e1s de 3.4 millones de casos, es decir, casi medio mill\u00f3n m\u00e1s por d\u00eda, mientras que la cantidad de muertes se mantuvo estable.<\/strong><\/p>\n\n\n\n<p>En la \u00faltima semana se registraron 57 mil muertes por la enfermedad y alrededor de 100 mil contagios diarios m\u00e1s que la semana anterior, lo que hace un total desde que comenz\u00f3 la pandemia de m\u00e1s de 190 millones de casos y 4 millones de fallecimientos. El mayor n\u00famero de contagios se registr\u00f3 en la regi\u00f3n de Asia Oriental, con 30% m\u00e1s que la semana anterior, y Europa, con 21% m\u00e1s.<\/p>\n\n\n\n<p>Los pa\u00edses que registraron mayores cantidades de contagios fueron Indonesia, Reino Unido, Brasil, India y Estados Unidos. La OMS achac\u00f3 el aumento a la circulaci\u00f3n de variantes m\u00e1s transmisibles, como la Delta, identificada por primera vez en India, ya ubicada en 124 pa\u00edses, 13 m\u00e1s que la semana pasada.<\/p>\n\n\n\n<p>Fuente: El Universal<\/p>\n","protected":false},"excerpt":{"rendered":"<p>La Organizaci\u00f3n Panamericana de la Salud (OPS) alert\u00f3 ayer por el \u201cincremento significativo\u201d de casos de Covid-19 en M\u00e9xico, al tiempo que la Organizaci\u00f3n Mundial de la Salud (OMS) se\u00f1al\u00f3 que el n\u00famero de contagios globales de coronavirus podr\u00eda llegar a los 200 millones en las pr\u00f3ximas semanas si se mantiene el actual ritmo ascendente. [&hellip;]<\/p>\n","protected":false},"author":6,"featured_media":19216,"comment_status":"open","ping_status":"open","sticky":false,"template":"","format":"standard","meta":{"_monsterinsights_skip_tracking":false,"_monsterinsights_sitenote_active":false,"_monsterinsights_sitenote_note":"","_monsterinsights_sitenote_category":0,"footnotes":""},"categories":[181],"tags":[293,175,292,2726],"class_list":["post-19214","post","type-post","status-publish","format-standard","has-post-thumbnail","hentry","category-internacional","tag-contagios","tag-covid-19","tag-mexico","tag-ops","wp-image-borders"],"amp_enabled":true,"_links":{"self":[{"href":"https:\/\/nvnoticias.mx\/index.php\/wp-json\/wp\/v2\/posts\/19214","targetHints":{"allow":["GET"]}}],"collection":[{"href":"https:\/\/nvnoticias.mx\/index.php\/wp-json\/wp\/v2\/posts"}],"about":[{"href":"https:\/\/nvnoticias.mx\/index.php\/wp-json\/wp\/v2\/types\/post"}],"author":[{"embeddable":true,"href":"https:\/\/nvnoticias.mx\/index.php\/wp-json\/wp\/v2\/users\/6"}],"replies":[{"embeddable":true,"href":"https:\/\/nvnoticias.mx\/index.php\/wp-json\/wp\/v2\/comments?post=19214"}],"version-history":[{"count":1,"href":"https:\/\/nvnoticias.mx\/index.php\/wp-json\/wp\/v2\/posts\/19214\/revisions"}],"predecessor-version":[{"id":19215,"href":"https:\/\/nvnoticias.mx\/index.php\/wp-json\/wp\/v2\/posts\/19214\/revisions\/19215"}],"wp:featuredmedia":[{"embeddable":true,"href":"https:\/\/nvnoticias.mx\/index.php\/wp-json\/wp\/v2\/media\/19216"}],"wp:attachment":[{"href":"https:\/\/nvnoticias.mx\/index.php\/wp-json\/wp\/v2\/media?parent=19214"}],"wp:term":[{"taxonomy":"category","embeddable":true,"href":"https:\/\/nvnoticias.mx\/index.php\/wp-json\/wp\/v2\/categories?post=19214"},{"taxonomy":"post_tag","embeddable":true,"href":"https:\/\/nvnoticias.mx\/index.php\/wp-json\/wp\/v2\/tags?post=19214"}],"curies":[{"name":"wp","href":"https:\/\/api.w.org\/{rel}","templated":true}]}}