{"id":191861,"date":"2025-08-28T14:31:26","date_gmt":"2025-08-28T20:31:26","guid":{"rendered":"https:\/\/nvnoticias.mx\/?p=191861"},"modified":"2025-08-28T14:31:31","modified_gmt":"2025-08-28T20:31:31","slug":"onu-decide-retirar-fuerzas-de-paz-en-libano-luego-de-casi-50-anos","status":"publish","type":"post","link":"https:\/\/nvnoticias.mx\/index.php\/2025\/08\/28\/onu-decide-retirar-fuerzas-de-paz-en-libano-luego-de-casi-50-anos\/","title":{"rendered":"ONU decide retirar fuerzas de paz en L\u00edbano luego de casi 50 a\u00f1os"},"content":{"rendered":"\n<p>El Consejo de Seguridad de la ONU decidi\u00f3 el jueves por unanimidad el retiro de la fuerza de paz de la ONU en el sur de L\u00edbano a finales del pr\u00f3ximo a\u00f1o, tras casi cinco d\u00e9cadas, cediendo a las demandas de Estados Unidos y su cercano aliado Israel.<\/p>\n\n\n\n<p>Estados Unidos, que inicialmente exigi\u00f3 que la fuerza se retirara en seis meses y luego busc\u00f3 una extensi\u00f3n conclusiva de un a\u00f1o, vot\u00f3 a favor de un mandato final de 16 meses para continuar sus actividades cerca de la frontera trazada por la ONU en L\u00edbano con Israel.<\/p>\n\n\n\n<p>Durante d\u00e9cadas, la fuerza multinacional de paz ha desempe\u00f1ado un importante papel en la vigilancia de la situaci\u00f3n de seguridad en el sur de L\u00edbano, incluso durante la guerra entre Israel y Hezbollah el a\u00f1o pasado. Pero ha recibido cr\u00edticas de ambos bandos y de funcionarios del gobierno del presidente Donald Trump, que ha actuado para reducir la financiaci\u00f3n estadunidense de la operaci\u00f3n al tiempo que el mandatario republicano reformula el enfoque de Estados Unidos hacia la pol\u00edtica exterior.<\/p>\n\n\n\n<p>\u201cEl entorno de seguridad en L\u00edbano es radicalmente diferente al de hace solo un a\u00f1o, creando el espacio para que L\u00edbano asuma una mayor responsabilidad\u201d, se\u00f1al\u00f3 la embajadora interina de Estados Unidos, Dorothy Shea.<\/p>\n\n\n\n<p>La fuerza de paz, conocida como UNIFIL, fue creada para supervisar la retirada de las tropas de Israel del sur de L\u00edbano tras la invasi\u00f3n israel\u00ed de 1978. Su misi\u00f3n se ampli\u00f3 tras la guerra de un mes en 2006 entre Tel Aviv y el grupo pol\u00edtico-militar Hezbollah.<\/p>\n\n\n\n<p>Despu\u00e9s de la guerra entre Israel y Hezbollah, ocurrida el a\u00f1o pasado, las autoridades libanesas han pedido que la UNIFIL se quede, diciendo que el ej\u00e9rcito del pa\u00eds, con problemas de liquidez y sobrecargado, no puede patrullar toda el \u00e1rea por s\u00ed solo.<\/p>\n\n\n\n<p>Fuente: La <a href=\"https:\/\/www.jornada.com.mx\/noticia\/2025\/08\/28\/mundo\/onu-decide-retirar-fuerzas-de-paz-en-libano-luego-de-casi-50-anos\">Jornada<\/a> <\/p>\n","protected":false},"excerpt":{"rendered":"<p>El Consejo de Seguridad de la ONU decidi\u00f3 el jueves por unanimidad el retiro de la fuerza de paz de la ONU en el sur de L\u00edbano a finales del pr\u00f3ximo a\u00f1o, tras casi cinco d\u00e9cadas, cediendo a las demandas de Estados Unidos y su cercano aliado Israel. Estados Unidos, que inicialmente exigi\u00f3 que la [&hellip;]<\/p>\n","protected":false},"author":35,"featured_media":191863,"comment_status":"open","ping_status":"open","sticky":false,"template":"","format":"standard","meta":{"_monsterinsights_skip_tracking":false,"_monsterinsights_sitenote_active":false,"_monsterinsights_sitenote_note":"","_monsterinsights_sitenote_category":0,"footnotes":""},"categories":[181],"tags":[27753,513],"class_list":["post-191861","post","type-post","status-publish","format-standard","has-post-thumbnail","hentry","category-internacional","tag-libano","tag-onu","wp-image-borders"],"amp_enabled":true,"_links":{"self":[{"href":"https:\/\/nvnoticias.mx\/index.php\/wp-json\/wp\/v2\/posts\/191861","targetHints":{"allow":["GET"]}}],"collection":[{"href":"https:\/\/nvnoticias.mx\/index.php\/wp-json\/wp\/v2\/posts"}],"about":[{"href":"https:\/\/nvnoticias.mx\/index.php\/wp-json\/wp\/v2\/types\/post"}],"author":[{"embeddable":true,"href":"https:\/\/nvnoticias.mx\/index.php\/wp-json\/wp\/v2\/users\/35"}],"replies":[{"embeddable":true,"href":"https:\/\/nvnoticias.mx\/index.php\/wp-json\/wp\/v2\/comments?post=191861"}],"version-history":[{"count":3,"href":"https:\/\/nvnoticias.mx\/index.php\/wp-json\/wp\/v2\/posts\/191861\/revisions"}],"predecessor-version":[{"id":191865,"href":"https:\/\/nvnoticias.mx\/index.php\/wp-json\/wp\/v2\/posts\/191861\/revisions\/191865"}],"wp:featuredmedia":[{"embeddable":true,"href":"https:\/\/nvnoticias.mx\/index.php\/wp-json\/wp\/v2\/media\/191863"}],"wp:attachment":[{"href":"https:\/\/nvnoticias.mx\/index.php\/wp-json\/wp\/v2\/media?parent=191861"}],"wp:term":[{"taxonomy":"category","embeddable":true,"href":"https:\/\/nvnoticias.mx\/index.php\/wp-json\/wp\/v2\/categories?post=191861"},{"taxonomy":"post_tag","embeddable":true,"href":"https:\/\/nvnoticias.mx\/index.php\/wp-json\/wp\/v2\/tags?post=191861"}],"curies":[{"name":"wp","href":"https:\/\/api.w.org\/{rel}","templated":true}]}}