{"id":191720,"date":"2025-08-27T12:25:37","date_gmt":"2025-08-27T18:25:37","guid":{"rendered":"https:\/\/nvnoticias.mx\/?p=191720"},"modified":"2025-08-27T12:25:41","modified_gmt":"2025-08-27T18:25:41","slug":"se-analizara-peticion-de-aumento-de-la-tarifa-de-pasaje-urbano","status":"publish","type":"post","link":"https:\/\/nvnoticias.mx\/index.php\/2025\/08\/27\/se-analizara-peticion-de-aumento-de-la-tarifa-de-pasaje-urbano\/","title":{"rendered":"Se analizar\u00e1 petici\u00f3n de aumento de la tarifa de pasaje urbano\u00a0"},"content":{"rendered":"\n<p><\/p>\n\n\n\n<p><strong>Sam Ojeda &#8211; NV Noticias<\/strong><\/p>\n\n\n\n<p>Xalapa.- La gobernadora Roc\u00edo Nahle Garc\u00eda reconoci\u00f3 que el Gobierno del Estado recibi\u00f3 una solicitud formal de transportistas de Xalapa para revisar la tarifa del servicio urbano, pero subray\u00f3 que cualquier ajuste deber\u00e1 realizarse de manera ordenada y con autorizaci\u00f3n de la autoridad competente.<\/p>\n\n\n\n<blockquote class=\"wp-block-quote is-layout-flow wp-block-quote-is-layout-flow\">\n<p>\u201cTodo se puede con orden, en la administraci\u00f3n debe haber orden, en el Estado debe haber orden, en cada dependencia debe haber\u201d, expres\u00f3.<\/p>\n<\/blockquote>\n\n\n\n<p>De acuerdo con la mandataria, existe el inter\u00e9s de una asociaci\u00f3n de concesionarios por entablar di\u00e1logo con la administraci\u00f3n estatal.<\/p>\n\n\n\n<blockquote class=\"wp-block-quote is-layout-flow wp-block-quote-is-layout-flow\">\n<p>\u201cRecib\u00ed una solicitud de alguna asociaci\u00f3n transportista de Xalapa que quiere reunirse con nosotros\u201d, dijo, al tiempo que apunt\u00f3 que el presidente municipal Ricardo Ahued ya ha sostenido encuentros con representantes del sector.<\/p>\n<\/blockquote>\n\n\n\n<blockquote class=\"wp-block-quote is-layout-flow wp-block-quote-is-layout-flow\">\n<p>\u201cDe hecho Ricardo Ahued ya recibi\u00f3 a unas personas y cuando vi las demandas que est\u00e1n haciendo, las peticiones dije \u2018bueno vamos a avanzar y vamos a reunirnos con ellos\u2019, estaba yo esperando para echar a andar el tema del transporte Ul\u00faa para Veracruz y Boca del R\u00edo\u201d, a\u00f1adi\u00f3.<\/p>\n<\/blockquote>\n\n\n\n<p>En el contexto de esta discusi\u00f3n, trascendi\u00f3 que la ruta Fovissste\u2013Bugambilias puso en operaci\u00f3n una unidad denominada Urban Plus, equipada con aire acondicionado, rampa y cargadores USB, con una tarifa de 13 pesos.<\/p>\n\n\n\n<p>&nbsp;La propuesta gener\u00f3 cr\u00edticas ciudadanas y circulan versiones sobre el retiro del veh\u00edculo, aunque dicha situaci\u00f3n no ha sido confirmada.<\/p>\n\n\n\n<p>Ante ese panorama, Nahle reiter\u00f3 que ning\u00fan transportista puede modificar condiciones por cuenta propia. \u201cEs con orden y nadie puede nada m\u00e1s decir \u2018yo tengo que hacer esto\u2019, tiene que ser un permiso hacer las cosas bien\u201d, puntualiz\u00f3.<\/p>\n","protected":false},"excerpt":{"rendered":"<p>Sam Ojeda &#8211; NV Noticias Xalapa.- La gobernadora Roc\u00edo Nahle Garc\u00eda reconoci\u00f3 que el Gobierno del Estado recibi\u00f3 una solicitud formal de transportistas de Xalapa para revisar la tarifa del servicio urbano, pero subray\u00f3 que cualquier ajuste deber\u00e1 realizarse de manera ordenada y con autorizaci\u00f3n de la autoridad competente. \u201cTodo se puede con orden, en [&hellip;]<\/p>\n","protected":false},"author":6,"featured_media":88686,"comment_status":"open","ping_status":"open","sticky":false,"template":"","format":"standard","meta":{"_monsterinsights_skip_tracking":false,"_monsterinsights_sitenote_active":false,"_monsterinsights_sitenote_note":"","_monsterinsights_sitenote_category":0,"footnotes":""},"categories":[156],"tags":[3109,32253],"class_list":["post-191720","post","type-post","status-publish","format-standard","has-post-thumbnail","hentry","category-estado","tag-aumento","tag-pasaje-urbano","wp-image-borders"],"amp_enabled":true,"_links":{"self":[{"href":"https:\/\/nvnoticias.mx\/index.php\/wp-json\/wp\/v2\/posts\/191720","targetHints":{"allow":["GET"]}}],"collection":[{"href":"https:\/\/nvnoticias.mx\/index.php\/wp-json\/wp\/v2\/posts"}],"about":[{"href":"https:\/\/nvnoticias.mx\/index.php\/wp-json\/wp\/v2\/types\/post"}],"author":[{"embeddable":true,"href":"https:\/\/nvnoticias.mx\/index.php\/wp-json\/wp\/v2\/users\/6"}],"replies":[{"embeddable":true,"href":"https:\/\/nvnoticias.mx\/index.php\/wp-json\/wp\/v2\/comments?post=191720"}],"version-history":[{"count":1,"href":"https:\/\/nvnoticias.mx\/index.php\/wp-json\/wp\/v2\/posts\/191720\/revisions"}],"predecessor-version":[{"id":191721,"href":"https:\/\/nvnoticias.mx\/index.php\/wp-json\/wp\/v2\/posts\/191720\/revisions\/191721"}],"wp:featuredmedia":[{"embeddable":true,"href":"https:\/\/nvnoticias.mx\/index.php\/wp-json\/wp\/v2\/media\/88686"}],"wp:attachment":[{"href":"https:\/\/nvnoticias.mx\/index.php\/wp-json\/wp\/v2\/media?parent=191720"}],"wp:term":[{"taxonomy":"category","embeddable":true,"href":"https:\/\/nvnoticias.mx\/index.php\/wp-json\/wp\/v2\/categories?post=191720"},{"taxonomy":"post_tag","embeddable":true,"href":"https:\/\/nvnoticias.mx\/index.php\/wp-json\/wp\/v2\/tags?post=191720"}],"curies":[{"name":"wp","href":"https:\/\/api.w.org\/{rel}","templated":true}]}}