{"id":191322,"date":"2025-08-22T18:51:54","date_gmt":"2025-08-23T00:51:54","guid":{"rendered":"https:\/\/nvnoticias.mx\/?p=191322"},"modified":"2025-08-22T18:51:58","modified_gmt":"2025-08-23T00:51:58","slug":"estos-son-los-convocados-a-la-seleccion-mexicana","status":"publish","type":"post","link":"https:\/\/nvnoticias.mx\/index.php\/2025\/08\/22\/estos-son-los-convocados-a-la-seleccion-mexicana\/","title":{"rendered":"Estos son los convocados a la Selecci\u00f3n Mexicana"},"content":{"rendered":"\n<p><\/p>\n\n\n\n<p><strong>Selecci\u00f3n Nacional de M\u00e9xico<\/strong>&nbsp;anunci\u00f3 la lista oficial de&nbsp;<strong>23 futbolistas convocados por Javier Aguirre<\/strong>&nbsp;para la concentraci\u00f3n que se realizar\u00e1 del&nbsp;<strong>lunes 25 al mi\u00e9rcoles 27 de agosto<\/strong>&nbsp;en las instalaciones del&nbsp;<strong>Centro de Alto Rendimiento (CAR)<\/strong>&nbsp;en la Ciudad de M\u00e9xico.<\/p>\n\n\n\n<p>Este llamado forma parte del plan de preparaci\u00f3n rumbo a la&nbsp;<strong>Copa del Mundo 2026<\/strong>, en la que M\u00e9xico ser\u00e1 uno de los tres pa\u00edses anfitriones junto a Estados Unidos y Canad\u00e1. Adem\u00e1s, la concentraci\u00f3n servir\u00e1 como preparaci\u00f3n para la pr\u00f3xima&nbsp;<strong>fecha FIFA de septiembre<\/strong>, en la que el Tricolor enfrentar\u00e1 a&nbsp;<strong>Jap\u00f3n<\/strong>&nbsp;y&nbsp;<strong>Corea del Sur<\/strong>.<\/p>\n\n\n\n<p><strong>Lista completa de convocados de M\u00e9xico por Javier Aguirre<\/strong><\/p>\n\n\n\n<figure class=\"wp-block-image size-large\"><img loading=\"lazy\" decoding=\"async\" width=\"837\" height=\"1024\" src=\"https:\/\/nvnoticias.mx\/wp-content\/uploads\/2025\/08\/FB_IMG_1755891664576-837x1024.jpg\" alt=\"\" class=\"wp-image-191323\" srcset=\"https:\/\/nvnoticias.mx\/wp-content\/uploads\/2025\/08\/FB_IMG_1755891664576-837x1024.jpg 837w, https:\/\/nvnoticias.mx\/wp-content\/uploads\/2025\/08\/FB_IMG_1755891664576-245x300.jpg 245w, https:\/\/nvnoticias.mx\/wp-content\/uploads\/2025\/08\/FB_IMG_1755891664576-768x940.jpg 768w, https:\/\/nvnoticias.mx\/wp-content\/uploads\/2025\/08\/FB_IMG_1755891664576.jpg 1206w\" sizes=\"auto, (max-width: 837px) 100vw, 837px\" \/><\/figure>\n\n\n\n<p><\/p>\n","protected":false},"excerpt":{"rendered":"<p>Selecci\u00f3n Nacional de M\u00e9xico&nbsp;anunci\u00f3 la lista oficial de&nbsp;23 futbolistas convocados por Javier Aguirre&nbsp;para la concentraci\u00f3n que se realizar\u00e1 del&nbsp;lunes 25 al mi\u00e9rcoles 27 de agosto&nbsp;en las instalaciones del&nbsp;Centro de Alto Rendimiento (CAR)&nbsp;en la Ciudad de M\u00e9xico. Este llamado forma parte del plan de preparaci\u00f3n rumbo a la&nbsp;Copa del Mundo 2026, en la que M\u00e9xico ser\u00e1 [&hellip;]<\/p>\n","protected":false},"author":8,"featured_media":159205,"comment_status":"open","ping_status":"open","sticky":false,"template":"","format":"standard","meta":{"_monsterinsights_skip_tracking":false,"_monsterinsights_sitenote_active":false,"_monsterinsights_sitenote_note":"","_monsterinsights_sitenote_category":0,"footnotes":""},"categories":[159],"tags":[286,5406],"class_list":["post-191322","post","type-post","status-publish","format-standard","has-post-thumbnail","hentry","category-deportes","tag-convocatoria","tag-seleccion-mexicana-de-futbol","wp-image-borders"],"amp_enabled":true,"_links":{"self":[{"href":"https:\/\/nvnoticias.mx\/index.php\/wp-json\/wp\/v2\/posts\/191322","targetHints":{"allow":["GET"]}}],"collection":[{"href":"https:\/\/nvnoticias.mx\/index.php\/wp-json\/wp\/v2\/posts"}],"about":[{"href":"https:\/\/nvnoticias.mx\/index.php\/wp-json\/wp\/v2\/types\/post"}],"author":[{"embeddable":true,"href":"https:\/\/nvnoticias.mx\/index.php\/wp-json\/wp\/v2\/users\/8"}],"replies":[{"embeddable":true,"href":"https:\/\/nvnoticias.mx\/index.php\/wp-json\/wp\/v2\/comments?post=191322"}],"version-history":[{"count":1,"href":"https:\/\/nvnoticias.mx\/index.php\/wp-json\/wp\/v2\/posts\/191322\/revisions"}],"predecessor-version":[{"id":191324,"href":"https:\/\/nvnoticias.mx\/index.php\/wp-json\/wp\/v2\/posts\/191322\/revisions\/191324"}],"wp:featuredmedia":[{"embeddable":true,"href":"https:\/\/nvnoticias.mx\/index.php\/wp-json\/wp\/v2\/media\/159205"}],"wp:attachment":[{"href":"https:\/\/nvnoticias.mx\/index.php\/wp-json\/wp\/v2\/media?parent=191322"}],"wp:term":[{"taxonomy":"category","embeddable":true,"href":"https:\/\/nvnoticias.mx\/index.php\/wp-json\/wp\/v2\/categories?post=191322"},{"taxonomy":"post_tag","embeddable":true,"href":"https:\/\/nvnoticias.mx\/index.php\/wp-json\/wp\/v2\/tags?post=191322"}],"curies":[{"name":"wp","href":"https:\/\/api.w.org\/{rel}","templated":true}]}}