{"id":191062,"date":"2025-08-20T11:57:44","date_gmt":"2025-08-20T17:57:44","guid":{"rendered":"https:\/\/nvnoticias.mx\/?p=191062"},"modified":"2025-08-20T11:57:48","modified_gmt":"2025-08-20T17:57:48","slug":"liberan-a-ex-candidato-del-pt-ligado-a-caso-ayotzinap","status":"publish","type":"post","link":"https:\/\/nvnoticias.mx\/index.php\/2025\/08\/20\/liberan-a-ex-candidato-del-pt-ligado-a-caso-ayotzinap\/","title":{"rendered":"Liberan a ex candidato del PT ligado a caso Ayotzinap"},"content":{"rendered":"\n<p>Esta ma\u00f1ana,\u00a0<strong>Pedro Segura Valladares<\/strong>, empresario y ex candidato a la gubernatura de Guerrero por el PT y PVEM, recuper\u00f3 su libertad tras permanecer ocho d\u00edas en el Centro Federal de Readaptaci\u00f3n Social N\u00famero 1 El Altiplano, tambi\u00e9n conocido como el penal de Almoloya.<a href=\"https:\/\/www.infobae.com\/mexico\/2025\/08\/20\/la-upoeg-denuncia-incursion-de-los-ardillos-en-ayutla-de-los-libres-tras-masacre-de-13-personas\/\" target=\"_blank\" rel=\"noreferrer noopener\"><\/a><\/p>\n\n\n\n<p>La decisi\u00f3n fue tomada por una juez federal, quien determin\u00f3 que la Fiscal\u00eda General de la Rep\u00fablica (FGR) no logr\u00f3 demostrar su supuesta vinculaci\u00f3n con el grupo delictivo&nbsp;<strong>Guerreros Unidos<\/strong>&nbsp;ni con la desaparici\u00f3n de los&nbsp;<strong>43 normalistas de Ayotzinapa.<\/strong><\/p>\n\n\n\n<p>Segura Valladares permaneci\u00f3 en prisi\u00f3n solo poco m\u00e1s de una semana, mientras las autoridades evaluaban las pruebas presentadas, las cuales fueron consideradas insuficientes para sostener los cargos en su contra.<\/p>\n\n\n\n<p><br>Seg\u00fan el diario Reforma, fuentes cercanas al caso indicaron que la jueza consider\u00f3 que los testimonios ofrecidos por la Unidad Especial de Investigaci\u00f3n y Litigaci\u00f3n del Caso Ayotzinapa (<strong>UEILCA<\/strong>) resultaban insuficientes para probar, siquiera de manera indiciaria, el delito imputado.<\/p>\n\n\n\n<p>Fuente: <a href=\"https:\/\/www.infobae.com\/mexico\/2025\/08\/20\/liberan-a-ex-candidato-del-pt-ligado-a-caso-ayotzinapa-fiscalia-no-logro-comprobar-presunta-relacion-con-guerreros-unidos\/\">Infobae<\/a><\/p>\n","protected":false},"excerpt":{"rendered":"<p>Esta ma\u00f1ana,\u00a0Pedro Segura Valladares, empresario y ex candidato a la gubernatura de Guerrero por el PT y PVEM, recuper\u00f3 su libertad tras permanecer ocho d\u00edas en el Centro Federal de Readaptaci\u00f3n Social N\u00famero 1 El Altiplano, tambi\u00e9n conocido como el penal de Almoloya. La decisi\u00f3n fue tomada por una juez federal, quien determin\u00f3 que la [&hellip;]<\/p>\n","protected":false},"author":35,"featured_media":191064,"comment_status":"open","ping_status":"open","sticky":false,"template":"","format":"standard","meta":{"_monsterinsights_skip_tracking":false,"_monsterinsights_sitenote_active":false,"_monsterinsights_sitenote_note":"","_monsterinsights_sitenote_category":0,"footnotes":""},"categories":[158],"tags":[3360,345],"class_list":["post-191062","post","type-post","status-publish","format-standard","has-post-thumbnail","hentry","category-politica","tag-ayotzina","tag-pt","wp-image-borders"],"amp_enabled":true,"_links":{"self":[{"href":"https:\/\/nvnoticias.mx\/index.php\/wp-json\/wp\/v2\/posts\/191062","targetHints":{"allow":["GET"]}}],"collection":[{"href":"https:\/\/nvnoticias.mx\/index.php\/wp-json\/wp\/v2\/posts"}],"about":[{"href":"https:\/\/nvnoticias.mx\/index.php\/wp-json\/wp\/v2\/types\/post"}],"author":[{"embeddable":true,"href":"https:\/\/nvnoticias.mx\/index.php\/wp-json\/wp\/v2\/users\/35"}],"replies":[{"embeddable":true,"href":"https:\/\/nvnoticias.mx\/index.php\/wp-json\/wp\/v2\/comments?post=191062"}],"version-history":[{"count":3,"href":"https:\/\/nvnoticias.mx\/index.php\/wp-json\/wp\/v2\/posts\/191062\/revisions"}],"predecessor-version":[{"id":191066,"href":"https:\/\/nvnoticias.mx\/index.php\/wp-json\/wp\/v2\/posts\/191062\/revisions\/191066"}],"wp:featuredmedia":[{"embeddable":true,"href":"https:\/\/nvnoticias.mx\/index.php\/wp-json\/wp\/v2\/media\/191064"}],"wp:attachment":[{"href":"https:\/\/nvnoticias.mx\/index.php\/wp-json\/wp\/v2\/media?parent=191062"}],"wp:term":[{"taxonomy":"category","embeddable":true,"href":"https:\/\/nvnoticias.mx\/index.php\/wp-json\/wp\/v2\/categories?post=191062"},{"taxonomy":"post_tag","embeddable":true,"href":"https:\/\/nvnoticias.mx\/index.php\/wp-json\/wp\/v2\/tags?post=191062"}],"curies":[{"name":"wp","href":"https:\/\/api.w.org\/{rel}","templated":true}]}}