{"id":191048,"date":"2025-08-20T11:49:44","date_gmt":"2025-08-20T17:49:44","guid":{"rendered":"https:\/\/nvnoticias.mx\/?p=191048"},"modified":"2025-08-20T11:49:49","modified_gmt":"2025-08-20T17:49:49","slug":"genaro-garcia-luna-denuncia-maltrato-extremo-en-prision-de-eu","status":"publish","type":"post","link":"https:\/\/nvnoticias.mx\/index.php\/2025\/08\/20\/genaro-garcia-luna-denuncia-maltrato-extremo-en-prision-de-eu\/","title":{"rendered":"Genaro Garc\u00eda Luna denuncia maltrato \u201cextremo\u201d en prisi\u00f3n de EU"},"content":{"rendered":"\n<p>El<strong>\u00a0exsecretario de Seguridad P\u00fablica de M\u00e9xico<\/strong>,\u00a0<strong>Genaro Garc\u00eda Luna<\/strong>, denunci\u00f3 junto a sus abogados sufrir de condiciones excesivas y extremas dentro de prisi\u00f3n.\u00a0<a href=\"https:\/\/www.infobae.com\/mexico\/2025\/08\/19\/habilitan-140-modulos-para-tramitar-la-curp-biometrica-en-todos-los-estados-de-la-republica\/\" target=\"_blank\" rel=\"noreferrer noopener\"><\/a><\/p>\n\n\n\n<p>De acuerdo con documentos compartidos por el periodista Arturo \u00c1ngel, Garc\u00eda Luna acus\u00f3 de ser forzado a comer sin cubiertos, no se le ha permitido ba\u00f1arse, no se le han entregado los documentos de su proceso, ha perdido 14 kilos y solo le han dejado comunicarse con sus abogados una sola vez.<\/p>\n\n\n\n<p>Fuente: La <a href=\"https:\/\/www.infobae.com\/mexico\/2025\/08\/20\/genaro-garcia-luna-denuncia-maltrato-extremo-en-prision-de-eeuu\/\">Jornada<\/a><\/p>\n","protected":false},"excerpt":{"rendered":"<p>El\u00a0exsecretario de Seguridad P\u00fablica de M\u00e9xico,\u00a0Genaro Garc\u00eda Luna, denunci\u00f3 junto a sus abogados sufrir de condiciones excesivas y extremas dentro de prisi\u00f3n.\u00a0 De acuerdo con documentos compartidos por el periodista Arturo \u00c1ngel, Garc\u00eda Luna acus\u00f3 de ser forzado a comer sin cubiertos, no se le ha permitido ba\u00f1arse, no se le han entregado los documentos [&hellip;]<\/p>\n","protected":false},"author":35,"featured_media":191051,"comment_status":"open","ping_status":"open","sticky":false,"template":"","format":"standard","meta":{"_monsterinsights_skip_tracking":false,"_monsterinsights_sitenote_active":false,"_monsterinsights_sitenote_note":"","_monsterinsights_sitenote_category":0,"footnotes":""},"categories":[158],"tags":[183,4504],"class_list":["post-191048","post","type-post","status-publish","format-standard","has-post-thumbnail","hentry","category-politica","tag-estados-unidos","tag-genaro-garcia-luna","wp-image-borders"],"amp_enabled":true,"_links":{"self":[{"href":"https:\/\/nvnoticias.mx\/index.php\/wp-json\/wp\/v2\/posts\/191048","targetHints":{"allow":["GET"]}}],"collection":[{"href":"https:\/\/nvnoticias.mx\/index.php\/wp-json\/wp\/v2\/posts"}],"about":[{"href":"https:\/\/nvnoticias.mx\/index.php\/wp-json\/wp\/v2\/types\/post"}],"author":[{"embeddable":true,"href":"https:\/\/nvnoticias.mx\/index.php\/wp-json\/wp\/v2\/users\/35"}],"replies":[{"embeddable":true,"href":"https:\/\/nvnoticias.mx\/index.php\/wp-json\/wp\/v2\/comments?post=191048"}],"version-history":[{"count":4,"href":"https:\/\/nvnoticias.mx\/index.php\/wp-json\/wp\/v2\/posts\/191048\/revisions"}],"predecessor-version":[{"id":191053,"href":"https:\/\/nvnoticias.mx\/index.php\/wp-json\/wp\/v2\/posts\/191048\/revisions\/191053"}],"wp:featuredmedia":[{"embeddable":true,"href":"https:\/\/nvnoticias.mx\/index.php\/wp-json\/wp\/v2\/media\/191051"}],"wp:attachment":[{"href":"https:\/\/nvnoticias.mx\/index.php\/wp-json\/wp\/v2\/media?parent=191048"}],"wp:term":[{"taxonomy":"category","embeddable":true,"href":"https:\/\/nvnoticias.mx\/index.php\/wp-json\/wp\/v2\/categories?post=191048"},{"taxonomy":"post_tag","embeddable":true,"href":"https:\/\/nvnoticias.mx\/index.php\/wp-json\/wp\/v2\/tags?post=191048"}],"curies":[{"name":"wp","href":"https:\/\/api.w.org\/{rel}","templated":true}]}}