{"id":190700,"date":"2025-08-16T15:47:45","date_gmt":"2025-08-16T21:47:45","guid":{"rendered":"https:\/\/nvnoticias.mx\/?p=190700"},"modified":"2025-08-16T15:47:49","modified_gmt":"2025-08-16T21:47:49","slug":"morenista-garcia-parra-es-captado-con-belinda-en-disney","status":"publish","type":"post","link":"https:\/\/nvnoticias.mx\/index.php\/2025\/08\/16\/morenista-garcia-parra-es-captado-con-belinda-en-disney\/","title":{"rendered":"Morenista Garc\u00eda Parra es captado con Belinda en Disney"},"content":{"rendered":"\n<p><\/p>\n\n\n\n<p>La imagen de Jos\u00e9 Luis Garc\u00eda Parra celebrando en Disneylandia junto a Belinda y los personajes de Minnie y Daisy, rodeados de otros acompa\u00f1antes, se viraliz\u00f3 r\u00e1pidamente tras la difusi\u00f3n de un video y una fotograf\u00eda en medios nacionales y locales.<\/p>\n\n\n\n<p>La escena, que muestra al funcionario en un ambiente festivo, coincidi\u00f3 con el cumplea\u00f1os n\u00famero 36 de la cantante, con quien se le atribuye una supuesta relaci\u00f3n sentimental desde hace meses.<\/p>\n\n\n\n<p>Este episodio, ampliamente comentado en redes sociales, oblig\u00f3 a Garc\u00eda Parra a emitir una aclaraci\u00f3n p\u00fablica sobre su ausencia laboral y el origen de los recursos utilizados para el viaje.<\/p>\n\n\n\n<figure class=\"wp-block-image size-large\"><img loading=\"lazy\" decoding=\"async\" width=\"1024\" height=\"576\" src=\"https:\/\/nvnoticias.mx\/wp-content\/uploads\/2025\/08\/beli-choco-1024x576.png\" alt=\"\" class=\"wp-image-190702\" srcset=\"https:\/\/nvnoticias.mx\/wp-content\/uploads\/2025\/08\/beli-choco-1024x576.png 1024w, https:\/\/nvnoticias.mx\/wp-content\/uploads\/2025\/08\/beli-choco-300x169.png 300w, https:\/\/nvnoticias.mx\/wp-content\/uploads\/2025\/08\/beli-choco-768x432.png 768w, https:\/\/nvnoticias.mx\/wp-content\/uploads\/2025\/08\/beli-choco-600x337.png 600w, https:\/\/nvnoticias.mx\/wp-content\/uploads\/2025\/08\/beli-choco.png 1280w\" sizes=\"auto, (max-width: 1024px) 100vw, 1024px\" \/><\/figure>\n\n\n\n<p><strong>\u00bfQu\u00e9 dijo Parra sobre su viaje con Belinda?<br><\/strong>En respuesta a la controversia, el coordinador del gabinete del morenista Alejandro Armenta Mier public\u00f3 en su cuenta X un documento oficial en el que notific\u00f3 que hab\u00eda solicitado licencia sin goce de sueldo para ausentarse del 13 al 15 y del 18 al 20 de agosto.<\/p>\n\n\n\n<p>En su mensaje, Garc\u00eda Parra enfatiz\u00f3: \u201cMis viajes y eventos personales se realizan siempre fuera del horario laboral y con recursos propios. Mi compromiso laboral se mantiene intacto y seguir\u00e9 trabajando con responsabilidad y, sobre todo, #PorAmorAPuebla\u201d.<\/p>\n\n\n\n<p>De este modo, intent\u00f3 disipar cualquier sospecha sobre el uso de fondos p\u00fablicos o el incumplimiento de sus obligaciones como servidor p\u00fablico.<\/p>\n\n\n\n<h2 class=\"wp-block-heading\">\u00bfQu\u00e9 se sabe de Belinda y Parra?<\/h2>\n\n\n\n<figure class=\"wp-block-embed is-type-rich is-provider-twitter wp-block-embed-twitter\"><div class=\"wp-block-embed__wrapper\">\n<blockquote class=\"twitter-tweet\" data-width=\"550\" data-dnt=\"true\"><p lang=\"es\" dir=\"ltr\">Respecto a mi viaje personal, informo que solicit\u00e9 formalmente licencia sin goce de sueldo del 13 al 15 y del 18 al 20 de agosto.<br><br>Mis viajes y eventos personales se realizan siempre fuera del horario laboral y con recursos propios.<br><br>Mi compromiso laboral se mantiene intacto y\u2026 <a href=\"https:\/\/t.co\/LRR5jF8N21\">pic.twitter.com\/LRR5jF8N21<\/a><\/p>&mdash; Jos\u00e9 Luis Garc\u00eda Parra (@JLG_PARRA) <a href=\"https:\/\/twitter.com\/JLG_PARRA\/status\/1956474664886456368?ref_src=twsrc%5Etfw\">August 15, 2025<\/a><\/blockquote><script async src=\"https:\/\/platform.twitter.com\/widgets.js\" charset=\"utf-8\"><\/script>\n<\/div><\/figure>\n\n\n\n<p>La relaci\u00f3n entre Garc\u00eda Parra y Belinda se hizo p\u00fablica en febrero, cuando ambos fueron captados al arribar juntos a&nbsp;<strong>Puebla<\/strong>&nbsp;en un vuelo privado, seg\u00fan report\u00f3&nbsp;<em>Proceso<\/em>.<\/p>\n\n\n\n<p>El funcionario, adem\u00e1s, es sobrino pol\u00edtico del exgobernador&nbsp;<strong>Mario Mar\u00edn Torres<\/strong>, lo que ha incrementado el inter\u00e9s medi\u00e1tico en torno a su vida personal y profesional.<\/p>\n\n\n\n<p>Desde entonces, la presencia de la cantante en la entidad ha sido constante: particip\u00f3 en la toma de protesta de Armenta, fue elegida como voz principal de la pel\u00edcula animada \u201cCanas al Aire\u201d, grab\u00f3 un video musical en locaciones poblanas y encabez\u00f3 presentaciones en la Feria de Puebla.<\/p>\n\n\n\n<p>Fuente: <a href=\"https:\/\/www.infobae.com\/mexico\/2025\/08\/16\/captan-al-morenista-garcia-parra-con-belinda-en-disneylandia-por-su-cumpleanos-y-el-aclara-fue-con-recursos-propios\/\">Infobae<\/a><\/p>\n","protected":false},"excerpt":{"rendered":"<p>La imagen de Jos\u00e9 Luis Garc\u00eda Parra celebrando en Disneylandia junto a Belinda y los personajes de Minnie y Daisy, rodeados de otros acompa\u00f1antes, se viraliz\u00f3 r\u00e1pidamente tras la difusi\u00f3n de un video y una fotograf\u00eda en medios nacionales y locales. La escena, que muestra al funcionario en un ambiente festivo, coincidi\u00f3 con el cumplea\u00f1os [&hellip;]<\/p>\n","protected":false},"author":6,"featured_media":190701,"comment_status":"open","ping_status":"open","sticky":false,"template":"","format":"standard","meta":{"_monsterinsights_skip_tracking":false,"_monsterinsights_sitenote_active":false,"_monsterinsights_sitenote_note":"","_monsterinsights_sitenote_category":0,"footnotes":""},"categories":[158],"tags":[1705,32203],"class_list":["post-190700","post","type-post","status-publish","format-standard","has-post-thumbnail","hentry","category-politica","tag-belinda","tag-jose-luis-garcia-parra","wp-image-borders"],"amp_enabled":true,"_links":{"self":[{"href":"https:\/\/nvnoticias.mx\/index.php\/wp-json\/wp\/v2\/posts\/190700","targetHints":{"allow":["GET"]}}],"collection":[{"href":"https:\/\/nvnoticias.mx\/index.php\/wp-json\/wp\/v2\/posts"}],"about":[{"href":"https:\/\/nvnoticias.mx\/index.php\/wp-json\/wp\/v2\/types\/post"}],"author":[{"embeddable":true,"href":"https:\/\/nvnoticias.mx\/index.php\/wp-json\/wp\/v2\/users\/6"}],"replies":[{"embeddable":true,"href":"https:\/\/nvnoticias.mx\/index.php\/wp-json\/wp\/v2\/comments?post=190700"}],"version-history":[{"count":1,"href":"https:\/\/nvnoticias.mx\/index.php\/wp-json\/wp\/v2\/posts\/190700\/revisions"}],"predecessor-version":[{"id":190703,"href":"https:\/\/nvnoticias.mx\/index.php\/wp-json\/wp\/v2\/posts\/190700\/revisions\/190703"}],"wp:featuredmedia":[{"embeddable":true,"href":"https:\/\/nvnoticias.mx\/index.php\/wp-json\/wp\/v2\/media\/190701"}],"wp:attachment":[{"href":"https:\/\/nvnoticias.mx\/index.php\/wp-json\/wp\/v2\/media?parent=190700"}],"wp:term":[{"taxonomy":"category","embeddable":true,"href":"https:\/\/nvnoticias.mx\/index.php\/wp-json\/wp\/v2\/categories?post=190700"},{"taxonomy":"post_tag","embeddable":true,"href":"https:\/\/nvnoticias.mx\/index.php\/wp-json\/wp\/v2\/tags?post=190700"}],"curies":[{"name":"wp","href":"https:\/\/api.w.org\/{rel}","templated":true}]}}