{"id":190313,"date":"2025-08-12T10:10:44","date_gmt":"2025-08-12T16:10:44","guid":{"rendered":"https:\/\/nvnoticias.mx\/?p=190313"},"modified":"2025-08-12T10:10:49","modified_gmt":"2025-08-12T16:10:49","slug":"gertz-manero-critica-cambio-de-medidas-para-el-chapo-y-caro-quintero","status":"publish","type":"post","link":"https:\/\/nvnoticias.mx\/index.php\/2025\/08\/12\/gertz-manero-critica-cambio-de-medidas-para-el-chapo-y-caro-quintero\/","title":{"rendered":"Gertz Manero critica cambio de medidas para \u2018El Chapo\u2019 y Caro Quintero"},"content":{"rendered":"\n<p>Alejandro Gertz Manero critic\u00f3 el\u00a0cambio de medidas para Joaqu\u00edn \u2018El Chapo\u2019\u00a0Guzm\u00e1n y\u00a0Rafael Caro Quintero\u00a0en c\u00e1rceles de Estados Unidos.<\/p>\n\n\n\n<blockquote class=\"wp-block-quote is-layout-flow wp-block-quote-is-layout-flow\">\n<p>\u201cSon procedimientos que ocurren a partir de&nbsp;<strong>juicios para estas personas<\/strong>&nbsp;y cualquier otras. Las decisiones procesales que toman en EU son muy sorprendentes para nosotros\u201d, ironiz\u00f3 el titular de la Fiscal\u00eda General de la Rep\u00fablica (FGR).&nbsp;<\/p>\n<\/blockquote>\n\n\n\n<p>El fiscal Gertz cuestion\u00f3 que, por una parte, las autoridades estadounidenses se\u00f1alan que hay un \u201cgran problema\u201d y luego resulta que hay negociaciones.<\/p>\n\n\n\n<p>El\u00a0<strong>gobierno de EU<\/strong>\u00a0accedi\u00f3 a que \u2018El Chapo\u2019 Guzm\u00e1n se re\u00fana con su abogado y mejorar\u00e1 las medidas en la c\u00e1rcel de Caro Quintero, tras unas cartas enviadas por el narcotraficante y su abogado, respectivamente.<\/p>\n\n\n\n<p>Fuente: El <a href=\"https:\/\/www.elfinanciero.com.mx\/nacional\/2025\/08\/12\/claudia-sheinbaum-mananera-temas-hoy-12-de-agosto-de-2025-en-vivo\/\">Financiero<\/a><\/p>\n","protected":false},"excerpt":{"rendered":"<p>Alejandro Gertz Manero critic\u00f3 el\u00a0cambio de medidas para Joaqu\u00edn \u2018El Chapo\u2019\u00a0Guzm\u00e1n y\u00a0Rafael Caro Quintero\u00a0en c\u00e1rceles de Estados Unidos. \u201cSon procedimientos que ocurren a partir de&nbsp;juicios para estas personas&nbsp;y cualquier otras. Las decisiones procesales que toman en EU son muy sorprendentes para nosotros\u201d, ironiz\u00f3 el titular de la Fiscal\u00eda General de la Rep\u00fablica (FGR).&nbsp; El fiscal [&hellip;]<\/p>\n","protected":false},"author":35,"featured_media":89678,"comment_status":"open","ping_status":"open","sticky":false,"template":"","format":"standard","meta":{"_monsterinsights_skip_tracking":false,"_monsterinsights_sitenote_active":false,"_monsterinsights_sitenote_note":"","_monsterinsights_sitenote_category":0,"footnotes":""},"categories":[158],"tags":[17652,14659,11825],"class_list":["post-190313","post","type-post","status-publish","format-standard","has-post-thumbnail","hentry","category-politica","tag-caro-quintero","tag-el-chapo","tag-gertz-manero","wp-image-borders"],"amp_enabled":true,"_links":{"self":[{"href":"https:\/\/nvnoticias.mx\/index.php\/wp-json\/wp\/v2\/posts\/190313","targetHints":{"allow":["GET"]}}],"collection":[{"href":"https:\/\/nvnoticias.mx\/index.php\/wp-json\/wp\/v2\/posts"}],"about":[{"href":"https:\/\/nvnoticias.mx\/index.php\/wp-json\/wp\/v2\/types\/post"}],"author":[{"embeddable":true,"href":"https:\/\/nvnoticias.mx\/index.php\/wp-json\/wp\/v2\/users\/35"}],"replies":[{"embeddable":true,"href":"https:\/\/nvnoticias.mx\/index.php\/wp-json\/wp\/v2\/comments?post=190313"}],"version-history":[{"count":6,"href":"https:\/\/nvnoticias.mx\/index.php\/wp-json\/wp\/v2\/posts\/190313\/revisions"}],"predecessor-version":[{"id":190319,"href":"https:\/\/nvnoticias.mx\/index.php\/wp-json\/wp\/v2\/posts\/190313\/revisions\/190319"}],"wp:featuredmedia":[{"embeddable":true,"href":"https:\/\/nvnoticias.mx\/index.php\/wp-json\/wp\/v2\/media\/89678"}],"wp:attachment":[{"href":"https:\/\/nvnoticias.mx\/index.php\/wp-json\/wp\/v2\/media?parent=190313"}],"wp:term":[{"taxonomy":"category","embeddable":true,"href":"https:\/\/nvnoticias.mx\/index.php\/wp-json\/wp\/v2\/categories?post=190313"},{"taxonomy":"post_tag","embeddable":true,"href":"https:\/\/nvnoticias.mx\/index.php\/wp-json\/wp\/v2\/tags?post=190313"}],"curies":[{"name":"wp","href":"https:\/\/api.w.org\/{rel}","templated":true}]}}