{"id":19023,"date":"2021-07-20T13:10:48","date_gmt":"2021-07-20T18:10:48","guid":{"rendered":"https:\/\/nvnoticias.mx\/?p=19023"},"modified":"2021-07-20T13:10:50","modified_gmt":"2021-07-20T18:10:50","slug":"star-llega-a-mexico-en-agosto","status":"publish","type":"post","link":"https:\/\/nvnoticias.mx\/index.php\/2021\/07\/20\/star-llega-a-mexico-en-agosto\/","title":{"rendered":"Star+ llega a M\u00e9xico en Agosto"},"content":{"rendered":"\n<p>Este pr\u00f3ximo\u00a0<strong>31 de agosto<\/strong>\u00a0Disney lanzar\u00e1 Star+, qui\u00e9n ser\u00e1 un nuevo competidor contra Netflix y HBO Max, ya esta confirmado que \u2018Los Simpsons\u2019 tendr\u00e1n todas sus temporadas disponibles en la plataforma, adem\u00e1s de que contar\u00e1n con\u00a0la exclusiva de la temporada 32 de la serie.<\/p>\n\n\n\n<p>Mediante sus redes sociales fue que se\u00a0confirm\u00f3\u00a0que la\u00a0temporada final de \u2018<em>The Walking Dead\u2019 ser\u00e1 estrenada en exclusiva por el servicio de streaming.<\/em> Hasta el momento no se ha revelado alguna fecha en la que se estrenar\u00e1 el primer episodio en M\u00e9xico.<\/p>\n\n\n\n<p><strong>\u2018M.O.D.O.K.\u2019<\/strong>, es una serie de Marvel que utiliza la t\u00e9cnica de\u00a0<em>stop motion<\/em>, esta dirigida a un p\u00fablico adulto, mezclando elementos de ciencia ficci\u00f3n con humor. Su primera temporada se estren\u00f3 en Estados Unidos el 21 de mayo de 2021 con 10 episodios.<\/p>\n\n\n\n<p>Otras series animadas para adultos que estar\u00e1n disponibles el 31 de agosto son:<\/p>\n\n\n\n<ul class=\"wp-block-list\"><li>Family Guy<\/li><li>Duncanville<\/li><li>Futurama (serie completa)<\/li><li>American Dad!<\/li><\/ul>\n\n\n\n<p>Fuente: Xataka<\/p>\n","protected":false},"excerpt":{"rendered":"<p>Este pr\u00f3ximo\u00a031 de agosto\u00a0Disney lanzar\u00e1 Star+, qui\u00e9n ser\u00e1 un nuevo competidor contra Netflix y HBO Max, ya esta confirmado que \u2018Los Simpsons\u2019 tendr\u00e1n todas sus temporadas disponibles en la plataforma, adem\u00e1s de que contar\u00e1n con\u00a0la exclusiva de la temporada 32 de la serie. Mediante sus redes sociales fue que se\u00a0confirm\u00f3\u00a0que la\u00a0temporada final de \u2018The Walking [&hellip;]<\/p>\n","protected":false},"author":35,"featured_media":19025,"comment_status":"open","ping_status":"open","sticky":false,"template":"","format":"standard","meta":{"_monsterinsights_skip_tracking":false,"_monsterinsights_sitenote_active":false,"_monsterinsights_sitenote_note":"","_monsterinsights_sitenote_category":0,"footnotes":""},"categories":[576],"tags":[5044,5143,5144,1097,5145,3384,5141],"class_list":["post-19023","post","type-post","status-publish","format-standard","has-post-thumbnail","hentry","category-ocio","tag-disney-2","tag-family-guy","tag-futurama","tag-los-simpson","tag-m-o-d-o-k","tag-marvel-studios","tag-star","wp-image-borders"],"amp_enabled":true,"_links":{"self":[{"href":"https:\/\/nvnoticias.mx\/index.php\/wp-json\/wp\/v2\/posts\/19023","targetHints":{"allow":["GET"]}}],"collection":[{"href":"https:\/\/nvnoticias.mx\/index.php\/wp-json\/wp\/v2\/posts"}],"about":[{"href":"https:\/\/nvnoticias.mx\/index.php\/wp-json\/wp\/v2\/types\/post"}],"author":[{"embeddable":true,"href":"https:\/\/nvnoticias.mx\/index.php\/wp-json\/wp\/v2\/users\/35"}],"replies":[{"embeddable":true,"href":"https:\/\/nvnoticias.mx\/index.php\/wp-json\/wp\/v2\/comments?post=19023"}],"version-history":[{"count":2,"href":"https:\/\/nvnoticias.mx\/index.php\/wp-json\/wp\/v2\/posts\/19023\/revisions"}],"predecessor-version":[{"id":19028,"href":"https:\/\/nvnoticias.mx\/index.php\/wp-json\/wp\/v2\/posts\/19023\/revisions\/19028"}],"wp:featuredmedia":[{"embeddable":true,"href":"https:\/\/nvnoticias.mx\/index.php\/wp-json\/wp\/v2\/media\/19025"}],"wp:attachment":[{"href":"https:\/\/nvnoticias.mx\/index.php\/wp-json\/wp\/v2\/media?parent=19023"}],"wp:term":[{"taxonomy":"category","embeddable":true,"href":"https:\/\/nvnoticias.mx\/index.php\/wp-json\/wp\/v2\/categories?post=19023"},{"taxonomy":"post_tag","embeddable":true,"href":"https:\/\/nvnoticias.mx\/index.php\/wp-json\/wp\/v2\/tags?post=19023"}],"curies":[{"name":"wp","href":"https:\/\/api.w.org\/{rel}","templated":true}]}}