{"id":190226,"date":"2025-08-11T15:23:43","date_gmt":"2025-08-11T21:23:43","guid":{"rendered":"https:\/\/nvnoticias.mx\/?p=190226"},"modified":"2025-08-15T11:13:52","modified_gmt":"2025-08-15T17:13:52","slug":"selena-gomez-y-la-inclusion-detras-de-rare-eau-de-parfum","status":"publish","type":"post","link":"https:\/\/nvnoticias.mx\/index.php\/2025\/08\/11\/selena-gomez-y-la-inclusion-detras-de-rare-eau-de-parfum\/","title":{"rendered":"Selena Gomez y la inclusi\u00f3n detr\u00e1s de Rare Eau de Parfum"},"content":{"rendered":"\n<p>Por <strong>Gigi Rodr\u00edguez<\/strong><\/p>\n\n\n\n<p>En un mundo donde las marcas de belleza compiten por ver qui\u00e9n tiene el envase m\u00e1s brillante o el eslogan m\u00e1s viral,<strong> Selena Gomez<\/strong> decidi\u00f3 hacer algo radicalmente diferente: Pensar en quienes a menudo son olvidados.<\/p>\n\n\n\n<p>Desde que lanz\u00f3 <strong>Rare Beauty<\/strong>, su misi\u00f3n ha sido clara: Que la belleza no excluya a nadie. No se trata solo de ofrecer una gama de tonos de base para cada piel o de campa\u00f1as llenas de diversidad. Se trata de crear productos que puedan ser usados, disfrutados y amados por todos, incluso por quienes viven con una condici\u00f3n f\u00edsica o emocional que les pone barreras en lo cotidiano.<\/p>\n\n\n\n<p>Selena, que ha hablado abiertamente de su lupus y de las dificultades que este le genera en la movilidad de las manos, sabe lo que significa que un gesto simple \u2014como abrir un frasco\u2014 se vuelva un reto. Por eso, su nuevo perfume <strong>Rare<\/strong> <strong>Eau de Parfum<\/strong> es m\u00e1s que una fragancia gourmand con notas de caramelo, vainilla y especias; es un s\u00edmbolo de empat\u00eda. El frasco, dise\u00f1ado junto a terapeutas, tiene un tap\u00f3n esf\u00e9rico extragrande y un atomizador ergon\u00f3mico, pensado para que personas con movilidad reducida puedan perfumarse sin esfuerzo.<\/p>\n\n\n\n<p>La verdadera inclusi\u00f3n no siempre grita; a veces susurra, se esconde en los detalles y espera a que lo descubras. Est\u00e1 en ese momento en que alguien, que cre\u00eda que un perfume era un lujo inaccesible por su dise\u00f1o, puede tomarlo entre sus manos y usarlo como cualquiera.<\/p>\n\n\n\n<p>Selena Gomez no solo cre\u00f3 un aroma; cre\u00f3 una experiencia que dice: Aqu\u00ed todos tienen un lugar. Y tal vez ese sea el mayor lujo que <strong>Rare Beauty <\/strong>ofrece: Convertir lo que antes parec\u00eda exclusivo, en algo verdaderamente inclusivo.<\/p>\n","protected":false},"excerpt":{"rendered":"<p>Por Gigi Rodr\u00edguez En un mundo donde las marcas de belleza compiten por ver qui\u00e9n tiene el envase m\u00e1s brillante o el eslogan m\u00e1s viral, Selena Gomez decidi\u00f3 hacer algo radicalmente diferente: Pensar en quienes a menudo son olvidados. Desde que lanz\u00f3 Rare Beauty, su misi\u00f3n ha sido clara: Que la belleza no excluya a [&hellip;]<\/p>\n","protected":false},"author":51,"featured_media":190227,"comment_status":"open","ping_status":"open","sticky":false,"template":"","format":"standard","meta":{"_monsterinsights_skip_tracking":false,"_monsterinsights_sitenote_active":false,"_monsterinsights_sitenote_note":"","_monsterinsights_sitenote_category":0,"footnotes":""},"categories":[32014],"tags":[32015],"class_list":["post-190226","post","type-post","status-publish","format-standard","has-post-thumbnail","hentry","category-gigi-rodriguez","tag-gigi-rodriguez","wp-image-borders"],"amp_enabled":true,"_links":{"self":[{"href":"https:\/\/nvnoticias.mx\/index.php\/wp-json\/wp\/v2\/posts\/190226","targetHints":{"allow":["GET"]}}],"collection":[{"href":"https:\/\/nvnoticias.mx\/index.php\/wp-json\/wp\/v2\/posts"}],"about":[{"href":"https:\/\/nvnoticias.mx\/index.php\/wp-json\/wp\/v2\/types\/post"}],"author":[{"embeddable":true,"href":"https:\/\/nvnoticias.mx\/index.php\/wp-json\/wp\/v2\/users\/51"}],"replies":[{"embeddable":true,"href":"https:\/\/nvnoticias.mx\/index.php\/wp-json\/wp\/v2\/comments?post=190226"}],"version-history":[{"count":1,"href":"https:\/\/nvnoticias.mx\/index.php\/wp-json\/wp\/v2\/posts\/190226\/revisions"}],"predecessor-version":[{"id":190228,"href":"https:\/\/nvnoticias.mx\/index.php\/wp-json\/wp\/v2\/posts\/190226\/revisions\/190228"}],"wp:featuredmedia":[{"embeddable":true,"href":"https:\/\/nvnoticias.mx\/index.php\/wp-json\/wp\/v2\/media\/190227"}],"wp:attachment":[{"href":"https:\/\/nvnoticias.mx\/index.php\/wp-json\/wp\/v2\/media?parent=190226"}],"wp:term":[{"taxonomy":"category","embeddable":true,"href":"https:\/\/nvnoticias.mx\/index.php\/wp-json\/wp\/v2\/categories?post=190226"},{"taxonomy":"post_tag","embeddable":true,"href":"https:\/\/nvnoticias.mx\/index.php\/wp-json\/wp\/v2\/tags?post=190226"}],"curies":[{"name":"wp","href":"https:\/\/api.w.org\/{rel}","templated":true}]}}