{"id":19015,"date":"2021-07-20T12:48:05","date_gmt":"2021-07-20T17:48:05","guid":{"rendered":"https:\/\/nvnoticias.mx\/?p=19015"},"modified":"2021-07-20T12:48:06","modified_gmt":"2021-07-20T17:48:06","slug":"repunta-venta-de-autos-y-veracruz-ocupa-quinto-lugar-nacional","status":"publish","type":"post","link":"https:\/\/nvnoticias.mx\/index.php\/2021\/07\/20\/repunta-venta-de-autos-y-veracruz-ocupa-quinto-lugar-nacional\/","title":{"rendered":"Repunta venta de autos y Veracruz ocupa quinto lugar nacional"},"content":{"rendered":"\n<p><strong>Jes\u00fas Utrilla<\/strong>&nbsp;<strong>| NV Noticias<\/strong>&nbsp;<\/p>\n\n\n\n<p>Veracruz. &#8211;&nbsp;&nbsp;Durante el primer semestre del a\u00f1o el sector automotriz, a nivel nacional, registr\u00f3 un incremento en ventas de 18.5 por ciento en comparaci\u00f3n con 2020 y Veracruz report\u00f3 la venta de 22 mil 708 unidades.&nbsp;<\/p>\n\n\n\n<p>Sin embargo, se mantiene por debajo de las unidades comercializadas en 2019, admiti\u00f3\u00a0Guillermo Rosales Z\u00e1rate, director general adjunto de la Asociaci\u00f3n Mexicana de Distribuidores de Automotores.\u00a0<\/p>\n\n\n\n<p>Adem\u00e1s,&nbsp;en 2020 el mercado automotriz cay\u00f3 28 por ciento y se sum\u00f3 a un per\u00edodo de crisis iniciado en 2017.&nbsp;<\/p>\n\n\n\n<blockquote class=\"wp-block-quote is-layout-flow wp-block-quote-is-layout-flow\"><p>\u201cEstamos 20 por ciento por abajo del primer semestre de 2019, es decir, queda muy evidente que iniciamos la\u00a0recuperaci\u00f3n,\u00a0pero falta mucho para poder superar los efectos de la crisis\u201d.\u00a0<\/p><\/blockquote>\n\n\n\n<p>En el caso de Veracruz la compra de veh\u00edculos increment\u00f3 32.8 por ciento en comparaci\u00f3n con el primer semestre del a\u00f1o pasado.&nbsp;<\/p>\n\n\n\n<p>Es uno de los estados que muestra mejor avance en la l\u00ednea de recuperaci\u00f3n ocupando el quinto lugar en ventas a nivel nacional, superando as\u00ed a Puebla y Guanajuato.&nbsp;<\/p>\n\n\n\n<blockquote class=\"wp-block-quote is-layout-flow wp-block-quote-is-layout-flow\"><p>\u201cHasta el a\u00f1o pasado Veracruz se encontraba en s\u00e9ptimo lugar y ahora subi\u00f3 dos escalones y representa el 4.2 por ciento del total de las ventas nacionales. En el primer semestre del a\u00f1o Veracruz report\u00f3 22 mil 708 unidades\u201d.\u00a0\u00a0<\/p><\/blockquote>\n\n\n\n<p>Admiti\u00f3 que la pandemia para el mercado interno automotor fue un factor negativo muy importante.&nbsp;<\/p>\n","protected":false},"excerpt":{"rendered":"<p>Jes\u00fas Utrilla&nbsp;| NV Noticias&nbsp; Veracruz. &#8211;&nbsp;&nbsp;Durante el primer semestre del a\u00f1o el sector automotriz, a nivel nacional, registr\u00f3 un incremento en ventas de 18.5 por ciento en comparaci\u00f3n con 2020 y Veracruz report\u00f3 la venta de 22 mil 708 unidades.&nbsp; Sin embargo, se mantiene por debajo de las unidades comercializadas en 2019, admiti\u00f3\u00a0Guillermo Rosales Z\u00e1rate, [&hellip;]<\/p>\n","protected":false},"author":6,"featured_media":19017,"comment_status":"open","ping_status":"open","sticky":false,"template":"","format":"standard","meta":{"_monsterinsights_skip_tracking":false,"_monsterinsights_sitenote_active":false,"_monsterinsights_sitenote_note":"","_monsterinsights_sitenote_category":0,"footnotes":""},"categories":[154],"tags":[4701,4399,162,180],"class_list":["post-19015","post","type-post","status-publish","format-standard","has-post-thumbnail","hentry","category-veracruz","tag-amda","tag-autos","tag-portada","tag-veracruz","wp-image-borders"],"amp_enabled":true,"_links":{"self":[{"href":"https:\/\/nvnoticias.mx\/index.php\/wp-json\/wp\/v2\/posts\/19015","targetHints":{"allow":["GET"]}}],"collection":[{"href":"https:\/\/nvnoticias.mx\/index.php\/wp-json\/wp\/v2\/posts"}],"about":[{"href":"https:\/\/nvnoticias.mx\/index.php\/wp-json\/wp\/v2\/types\/post"}],"author":[{"embeddable":true,"href":"https:\/\/nvnoticias.mx\/index.php\/wp-json\/wp\/v2\/users\/6"}],"replies":[{"embeddable":true,"href":"https:\/\/nvnoticias.mx\/index.php\/wp-json\/wp\/v2\/comments?post=19015"}],"version-history":[{"count":2,"href":"https:\/\/nvnoticias.mx\/index.php\/wp-json\/wp\/v2\/posts\/19015\/revisions"}],"predecessor-version":[{"id":19018,"href":"https:\/\/nvnoticias.mx\/index.php\/wp-json\/wp\/v2\/posts\/19015\/revisions\/19018"}],"wp:featuredmedia":[{"embeddable":true,"href":"https:\/\/nvnoticias.mx\/index.php\/wp-json\/wp\/v2\/media\/19017"}],"wp:attachment":[{"href":"https:\/\/nvnoticias.mx\/index.php\/wp-json\/wp\/v2\/media?parent=19015"}],"wp:term":[{"taxonomy":"category","embeddable":true,"href":"https:\/\/nvnoticias.mx\/index.php\/wp-json\/wp\/v2\/categories?post=19015"},{"taxonomy":"post_tag","embeddable":true,"href":"https:\/\/nvnoticias.mx\/index.php\/wp-json\/wp\/v2\/tags?post=19015"}],"curies":[{"name":"wp","href":"https:\/\/api.w.org\/{rel}","templated":true}]}}