{"id":189976,"date":"2025-08-08T10:00:11","date_gmt":"2025-08-08T16:00:11","guid":{"rendered":"https:\/\/nvnoticias.mx\/?p=189976"},"modified":"2025-08-08T10:00:18","modified_gmt":"2025-08-08T16:00:18","slug":"en-mexico-no-se-investiga-presunta-conexion-de-maduro-con-el-crimen-organizado-sheinbaum","status":"publish","type":"post","link":"https:\/\/nvnoticias.mx\/index.php\/2025\/08\/08\/en-mexico-no-se-investiga-presunta-conexion-de-maduro-con-el-crimen-organizado-sheinbaum\/","title":{"rendered":"En M\u00e9xico no se investiga presunta conexi\u00f3n de Maduro con el crimen organizado: Sheinbaum"},"content":{"rendered":"\n<p>Ante el anuncio del gobierno estadunidense de incrementar la recompensa internacional por la aprehensi\u00f3n del presidente de Venezuela, Nicol\u00e1s Maduro, por sus presuntos v\u00ednculos con el C\u00e1rtel de Sinaloa, la presidenta Claudia Sheinbaum sostuvo que en M\u00e9xico no se tiene noticia de esa presunta conexi\u00f3n y tampoco existe una investigaci\u00f3n al respecto.<\/p>\n\n\n\n<p>Al ser cuestionada sobre este tema, Sheinbaum descart\u00f3 absolutamente que M\u00e9xico tenga alguna informaci\u00f3n sobre esos v\u00ednculos, \u201csi tienen alguna muestra que la presenten pero nosotros no tenemos ninguna muestra relacionada con esos v\u00ednculos\u201d.<\/p>\n\n\n\n<p>Fuente: La <a href=\"https:\/\/www.jornada.com.mx\/noticia\/2025\/08\/08\/politica\/en-mexico-no-se-investiga-presunta-conexion-de-maduro-con-narcotrafico-csp\">Jornada<\/a><\/p>\n","protected":false},"excerpt":{"rendered":"<p>Ante el anuncio del gobierno estadunidense de incrementar la recompensa internacional por la aprehensi\u00f3n del presidente de Venezuela, Nicol\u00e1s Maduro, por sus presuntos v\u00ednculos con el C\u00e1rtel de Sinaloa, la presidenta Claudia Sheinbaum sostuvo que en M\u00e9xico no se tiene noticia de esa presunta conexi\u00f3n y tampoco existe una investigaci\u00f3n al respecto. Al ser cuestionada [&hellip;]<\/p>\n","protected":false},"author":35,"featured_media":189979,"comment_status":"open","ping_status":"open","sticky":false,"template":"","format":"standard","meta":{"_monsterinsights_skip_tracking":false,"_monsterinsights_sitenote_active":false,"_monsterinsights_sitenote_note":"","_monsterinsights_sitenote_category":0,"footnotes":""},"categories":[158],"tags":[2801,183,292,1505,162],"class_list":["post-189976","post","type-post","status-publish","format-standard","has-post-thumbnail","hentry","category-politica","tag-claudia-sheinbaum","tag-estados-unidos","tag-mexico","tag-nicolas-maduro","tag-portada","wp-image-borders"],"amp_enabled":true,"_links":{"self":[{"href":"https:\/\/nvnoticias.mx\/index.php\/wp-json\/wp\/v2\/posts\/189976","targetHints":{"allow":["GET"]}}],"collection":[{"href":"https:\/\/nvnoticias.mx\/index.php\/wp-json\/wp\/v2\/posts"}],"about":[{"href":"https:\/\/nvnoticias.mx\/index.php\/wp-json\/wp\/v2\/types\/post"}],"author":[{"embeddable":true,"href":"https:\/\/nvnoticias.mx\/index.php\/wp-json\/wp\/v2\/users\/35"}],"replies":[{"embeddable":true,"href":"https:\/\/nvnoticias.mx\/index.php\/wp-json\/wp\/v2\/comments?post=189976"}],"version-history":[{"count":4,"href":"https:\/\/nvnoticias.mx\/index.php\/wp-json\/wp\/v2\/posts\/189976\/revisions"}],"predecessor-version":[{"id":189981,"href":"https:\/\/nvnoticias.mx\/index.php\/wp-json\/wp\/v2\/posts\/189976\/revisions\/189981"}],"wp:featuredmedia":[{"embeddable":true,"href":"https:\/\/nvnoticias.mx\/index.php\/wp-json\/wp\/v2\/media\/189979"}],"wp:attachment":[{"href":"https:\/\/nvnoticias.mx\/index.php\/wp-json\/wp\/v2\/media?parent=189976"}],"wp:term":[{"taxonomy":"category","embeddable":true,"href":"https:\/\/nvnoticias.mx\/index.php\/wp-json\/wp\/v2\/categories?post=189976"},{"taxonomy":"post_tag","embeddable":true,"href":"https:\/\/nvnoticias.mx\/index.php\/wp-json\/wp\/v2\/tags?post=189976"}],"curies":[{"name":"wp","href":"https:\/\/api.w.org\/{rel}","templated":true}]}}