{"id":189947,"date":"2025-08-07T16:15:04","date_gmt":"2025-08-07T22:15:04","guid":{"rendered":"https:\/\/nvnoticias.mx\/?p=189947"},"modified":"2025-08-07T16:15:09","modified_gmt":"2025-08-07T22:15:09","slug":"los-impresionantes-looks-de-jenna-ortega-en-la-gira-promocional-de-wednesday-2","status":"publish","type":"post","link":"https:\/\/nvnoticias.mx\/index.php\/2025\/08\/07\/los-impresionantes-looks-de-jenna-ortega-en-la-gira-promocional-de-wednesday-2\/","title":{"rendered":"Los impresionantes looks de Jenna Ortega en la gira promocional de &#8216;Wednesday&#8217; 2"},"content":{"rendered":"\n<p>La nueva temporada de\u00a0<em>Wednesday<\/em>, la aclamada serie de\u00a0<strong>Tim<\/strong>\u00a0<strong>Burton<\/strong>\u00a0para Netflix que protagoniza\u00a0<strong>Jenna<\/strong>\u00a0<strong>Ortega<\/strong>, \u00a1est\u00e1 de regreso!<\/p>\n\n\n\n<p>Su ansiado estreno ha ocurrido (aptamente) este mi\u00e9rcoles 6 de agosto y para promoverlo su estrella principal se ha pasado por Nueva York, Par\u00eds y Londres con unos looks que lo confirman: es la estrella goth de nuestra era.<\/p>\n","protected":false},"excerpt":{"rendered":"<p>La nueva temporada de\u00a0Wednesday, la aclamada serie de\u00a0Tim\u00a0Burton\u00a0para Netflix que protagoniza\u00a0Jenna\u00a0Ortega, \u00a1est\u00e1 de regreso! Su ansiado estreno ha ocurrido (aptamente) este mi\u00e9rcoles 6 de agosto y para promoverlo su estrella principal se ha pasado por Nueva York, Par\u00eds y Londres con unos looks que lo confirman: es la estrella goth de nuestra era.<\/p>\n","protected":false},"author":35,"featured_media":189949,"comment_status":"open","ping_status":"open","sticky":false,"template":"","format":"standard","meta":{"_monsterinsights_skip_tracking":false,"_monsterinsights_sitenote_active":false,"_monsterinsights_sitenote_note":"","_monsterinsights_sitenote_category":0,"footnotes":""},"categories":[576],"tags":[21621,18381],"class_list":["post-189947","post","type-post","status-publish","format-standard","has-post-thumbnail","hentry","category-ocio","tag-jenna-ortega","tag-wednesday","wp-image-borders"],"amp_enabled":true,"_links":{"self":[{"href":"https:\/\/nvnoticias.mx\/index.php\/wp-json\/wp\/v2\/posts\/189947","targetHints":{"allow":["GET"]}}],"collection":[{"href":"https:\/\/nvnoticias.mx\/index.php\/wp-json\/wp\/v2\/posts"}],"about":[{"href":"https:\/\/nvnoticias.mx\/index.php\/wp-json\/wp\/v2\/types\/post"}],"author":[{"embeddable":true,"href":"https:\/\/nvnoticias.mx\/index.php\/wp-json\/wp\/v2\/users\/35"}],"replies":[{"embeddable":true,"href":"https:\/\/nvnoticias.mx\/index.php\/wp-json\/wp\/v2\/comments?post=189947"}],"version-history":[{"count":3,"href":"https:\/\/nvnoticias.mx\/index.php\/wp-json\/wp\/v2\/posts\/189947\/revisions"}],"predecessor-version":[{"id":189951,"href":"https:\/\/nvnoticias.mx\/index.php\/wp-json\/wp\/v2\/posts\/189947\/revisions\/189951"}],"wp:featuredmedia":[{"embeddable":true,"href":"https:\/\/nvnoticias.mx\/index.php\/wp-json\/wp\/v2\/media\/189949"}],"wp:attachment":[{"href":"https:\/\/nvnoticias.mx\/index.php\/wp-json\/wp\/v2\/media?parent=189947"}],"wp:term":[{"taxonomy":"category","embeddable":true,"href":"https:\/\/nvnoticias.mx\/index.php\/wp-json\/wp\/v2\/categories?post=189947"},{"taxonomy":"post_tag","embeddable":true,"href":"https:\/\/nvnoticias.mx\/index.php\/wp-json\/wp\/v2\/tags?post=189947"}],"curies":[{"name":"wp","href":"https:\/\/api.w.org\/{rel}","templated":true}]}}