{"id":189908,"date":"2025-08-07T14:06:10","date_gmt":"2025-08-07T20:06:10","guid":{"rendered":"https:\/\/nvnoticias.mx\/?p=189908"},"modified":"2025-08-07T14:06:14","modified_gmt":"2025-08-07T20:06:14","slug":"por-una-nueva-gobernanza-penitenciaria-en-veracruz","status":"publish","type":"post","link":"https:\/\/nvnoticias.mx\/index.php\/2025\/08\/07\/por-una-nueva-gobernanza-penitenciaria-en-veracruz\/","title":{"rendered":"Por una nueva gobernanza penitenciaria en Veracruz"},"content":{"rendered":"\n<p><\/p>\n\n\n\n<figure class=\"wp-block-pullquote\"><blockquote><p><strong>Dr. Jerem\u00edas Z\u00fa\u00f1iga Mezano<br><\/strong>Presidente de Comunidades Seguras en el Estado de Veracruz<\/p><\/blockquote><\/figure>\n\n\n\n<p>El sistema penitenciario de Veracruz enfrenta una crisis estructural que no puede ni debe ser minimizada. Pero tambi\u00e9n es cierto que este momento ofrece una oportunidad hist\u00f3rica para transformar de fondo uno de los eslabones m\u00e1s olvidados y fr\u00e1giles del sistema de justicia: los centros de reinserci\u00f3n social.<\/p>\n\n\n\n<p>El mot\u00edn registrado el pasado 2 de agosto en el penal de Tuxpan \u2014con ocho personas fallecidas y once heridas\u2014 expuso las debilidades acumuladas durante a\u00f1os. La sobrepoblaci\u00f3n, la falta de sentencias, el autogobierno carcelario, las amenazas constantes al personal y la infiltraci\u00f3n de estructuras criminales son problemas que demandan una respuesta decidida y con visi\u00f3n de Estado.<\/p>\n\n\n\n<p>En este contexto, es justo reconocer la respuesta inmediata y firme del gobierno de Veracruz. El despliegue coordinado de fuerzas estatales y federales para recuperar el control del penal refleja el compromiso de la Gobernadora Roc\u00edo Nahle por no ceder ni un cent\u00edmetro al crimen. Su liderazgo en momentos cr\u00edticos, sumado a su disposici\u00f3n a escuchar propuestas serias y viables, abre la puerta a una nueva etapa para el sistema penitenciario en el estado.<\/p>\n\n\n\n<p>Desde Comunidades Seguras en Veracruz, proponemos como una acci\u00f3n complementaria, construidas desde la evidencia, el territorio y la corresponsabilidad, acompa\u00f1ar desde la experiencia, con respeto institucional, una transformaci\u00f3n que ya ha comenzado y que merece profundizarse.<\/p>\n\n\n\n<p>Cinco l\u00edneas de acci\u00f3n prioritarias:<\/p>\n\n\n\n<ol class=\"wp-block-list\">\n<li>Centros de justicia comunitaria con atenci\u00f3n psicosocial para internos y personal penitenciario, que humanicen y fortalezcan la convivencia institucional.<\/li>\n\n\n\n<li>Programas de reintegraci\u00f3n laboral, educativa y emocional postpenitenciaria, enfocados en reducir la reincidencia y reconstruir el tejido social.<\/li>\n\n\n\n<li>Implementaci\u00f3n de tecnolog\u00eda de vigilancia y clasificaci\u00f3n criminol\u00f3gica real, que rompa el autogobierno y permita tomar decisiones basadas en evidencia.<\/li>\n\n\n\n<li>Modelo de protecci\u00f3n integral al personal penitenciario, con seguros, protocolos de actuaci\u00f3n, acompa\u00f1amiento jur\u00eddico y capacitaci\u00f3n continua.<\/li>\n\n\n\n<li>Observatorio estatal de violencia penitenciaria, para monitorear, evaluar y transparentar la evoluci\u00f3n del sistema con indicadores p\u00fablicos.<\/li>\n<\/ol>\n\n\n\n<p>Seg\u00fan el Censo Nacional Penitenciario 2025 del INEGI, m\u00e1s del 50\u202f% de las personas privadas de la libertad en Veracruz no han sido sentenciadas. La CNDH califica los centros penitenciarios con un promedio de 6.31 sobre 10. Estas cifras no deben generar resignaci\u00f3n, sino determinaci\u00f3n.<\/p>\n\n\n\n<p>La administraci\u00f3n estatal ha demostrado que tiene voluntad para asumir el reto. Y nosotros, desde Comunidades Seguras, ratificamos nuestro compromiso para trabajar coordinadamente con el Gobierno del Estado. Sabemos que este proceso no ser\u00e1 inmediato, pero s\u00ed posible si se consolida como pol\u00edtica p\u00fablica transversal, con visi\u00f3n preventiva, enfoque humano y respaldo institucional.<\/p>\n\n\n\n<p>Se trata, en el fondo, de recuperar el control del Estado donde se hab\u00eda perdido. De dignificar la funci\u00f3n de quienes custodian la ley. De prevenir antes que contener. Y de asumir, como sociedad, que las c\u00e1rceles tambi\u00e9n son parte del futuro que queremos construir.<\/p>\n\n\n\n<p>Veracruz tiene en la Gobernadora Roc\u00edo Nahle una aliada de la legalidad. Hagamos equipo. Sumemos propuestas. Y demostremos que tambi\u00e9n en los espacios m\u00e1s dif\u00edciles, la paz es posible cuando se gobierna con firmeza, justicia y visi\u00f3n social.<\/p>\n\n\n\n<p><\/p>\n","protected":false},"excerpt":{"rendered":"<p>Dr. Jerem\u00edas Z\u00fa\u00f1iga MezanoPresidente de Comunidades Seguras en el Estado de Veracruz El sistema penitenciario de Veracruz enfrenta una crisis estructural que no puede ni debe ser minimizada. Pero tambi\u00e9n es cierto que este momento ofrece una oportunidad hist\u00f3rica para transformar de fondo uno de los eslabones m\u00e1s olvidados y fr\u00e1giles del sistema de justicia: [&hellip;]<\/p>\n","protected":false},"author":48,"featured_media":189914,"comment_status":"open","ping_status":"open","sticky":false,"template":"","format":"standard","meta":{"_monsterinsights_skip_tracking":false,"_monsterinsights_sitenote_active":false,"_monsterinsights_sitenote_note":"","_monsterinsights_sitenote_category":0,"footnotes":""},"categories":[30211],"tags":[31391],"class_list":["post-189908","post","type-post","status-publish","format-standard","has-post-thumbnail","hentry","category-para-ser-mejores","tag-jeremias-zuniga-mezano","wp-image-borders"],"amp_enabled":true,"_links":{"self":[{"href":"https:\/\/nvnoticias.mx\/index.php\/wp-json\/wp\/v2\/posts\/189908","targetHints":{"allow":["GET"]}}],"collection":[{"href":"https:\/\/nvnoticias.mx\/index.php\/wp-json\/wp\/v2\/posts"}],"about":[{"href":"https:\/\/nvnoticias.mx\/index.php\/wp-json\/wp\/v2\/types\/post"}],"author":[{"embeddable":true,"href":"https:\/\/nvnoticias.mx\/index.php\/wp-json\/wp\/v2\/users\/48"}],"replies":[{"embeddable":true,"href":"https:\/\/nvnoticias.mx\/index.php\/wp-json\/wp\/v2\/comments?post=189908"}],"version-history":[{"count":1,"href":"https:\/\/nvnoticias.mx\/index.php\/wp-json\/wp\/v2\/posts\/189908\/revisions"}],"predecessor-version":[{"id":189915,"href":"https:\/\/nvnoticias.mx\/index.php\/wp-json\/wp\/v2\/posts\/189908\/revisions\/189915"}],"wp:featuredmedia":[{"embeddable":true,"href":"https:\/\/nvnoticias.mx\/index.php\/wp-json\/wp\/v2\/media\/189914"}],"wp:attachment":[{"href":"https:\/\/nvnoticias.mx\/index.php\/wp-json\/wp\/v2\/media?parent=189908"}],"wp:term":[{"taxonomy":"category","embeddable":true,"href":"https:\/\/nvnoticias.mx\/index.php\/wp-json\/wp\/v2\/categories?post=189908"},{"taxonomy":"post_tag","embeddable":true,"href":"https:\/\/nvnoticias.mx\/index.php\/wp-json\/wp\/v2\/tags?post=189908"}],"curies":[{"name":"wp","href":"https:\/\/api.w.org\/{rel}","templated":true}]}}