{"id":189707,"date":"2025-08-06T10:06:50","date_gmt":"2025-08-06T16:06:50","guid":{"rendered":"https:\/\/nvnoticias.mx\/?p=189707"},"modified":"2025-08-06T10:06:55","modified_gmt":"2025-08-06T16:06:55","slug":"la-4t-va-para-largo-sheinbaum-al-desestimar-ruptura-por-iniciativa-de-reforma-electoral","status":"publish","type":"post","link":"https:\/\/nvnoticias.mx\/index.php\/2025\/08\/06\/la-4t-va-para-largo-sheinbaum-al-desestimar-ruptura-por-iniciativa-de-reforma-electoral\/","title":{"rendered":"La 4T \u201cva para largo\u201d: Sheinbaum al desestimar ruptura por iniciativa de reforma electoral"},"content":{"rendered":"\n<p>La presidenta Claudia Sheinbaum desestim\u00f3 la posibilidad de rupturas en su movimiento con su iniciativa de reforma electoral y consider\u00f3 que las afirmaciones del coordinador de los diputados de Morena, Ricardo Monreal no adelantaba una divisi\u00f3n en el movimiento. M\u00e1s bien, dijo, era una alerta para que la discusi\u00f3n de estos temas no genere una ruptura.<\/p>\n\n\n\n<p>Sheinbaum dijo que no hay riesgo de continuidad de la Cuarta Transformaci\u00f3n, \u201cva para largo\u201d. Coment\u00f3 que desde que asumi\u00f3 la Presidencia dej\u00f3 de lado su participaci\u00f3n en la vida interna de Morena, pero insisti\u00f3 en que hay que procurar la unidad al interior del movimiento.<\/p>\n\n\n\n<p>Fuente: La <a href=\"https:\/\/www.jornada.com.mx\/noticia\/2025\/08\/06\/politica\/la-4t-va-para-largo-dice-csp-al-desestimar-ruptura-por-iniciativa-de-reforma-electoral\">Jornada<\/a><\/p>\n","protected":false},"excerpt":{"rendered":"<p>La presidenta Claudia Sheinbaum desestim\u00f3 la posibilidad de rupturas en su movimiento con su iniciativa de reforma electoral y consider\u00f3 que las afirmaciones del coordinador de los diputados de Morena, Ricardo Monreal no adelantaba una divisi\u00f3n en el movimiento. M\u00e1s bien, dijo, era una alerta para que la discusi\u00f3n de estos temas no genere una [&hellip;]<\/p>\n","protected":false},"author":35,"featured_media":189708,"comment_status":"open","ping_status":"open","sticky":false,"template":"","format":"standard","meta":{"_monsterinsights_skip_tracking":false,"_monsterinsights_sitenote_active":false,"_monsterinsights_sitenote_note":"","_monsterinsights_sitenote_category":0,"footnotes":""},"categories":[158],"tags":[1451,2801,4409],"class_list":["post-189707","post","type-post","status-publish","format-standard","has-post-thumbnail","hentry","category-politica","tag-4t","tag-claudia-sheinbaum","tag-reforma-electoral","wp-image-borders"],"amp_enabled":true,"_links":{"self":[{"href":"https:\/\/nvnoticias.mx\/index.php\/wp-json\/wp\/v2\/posts\/189707","targetHints":{"allow":["GET"]}}],"collection":[{"href":"https:\/\/nvnoticias.mx\/index.php\/wp-json\/wp\/v2\/posts"}],"about":[{"href":"https:\/\/nvnoticias.mx\/index.php\/wp-json\/wp\/v2\/types\/post"}],"author":[{"embeddable":true,"href":"https:\/\/nvnoticias.mx\/index.php\/wp-json\/wp\/v2\/users\/35"}],"replies":[{"embeddable":true,"href":"https:\/\/nvnoticias.mx\/index.php\/wp-json\/wp\/v2\/comments?post=189707"}],"version-history":[{"count":3,"href":"https:\/\/nvnoticias.mx\/index.php\/wp-json\/wp\/v2\/posts\/189707\/revisions"}],"predecessor-version":[{"id":189712,"href":"https:\/\/nvnoticias.mx\/index.php\/wp-json\/wp\/v2\/posts\/189707\/revisions\/189712"}],"wp:featuredmedia":[{"embeddable":true,"href":"https:\/\/nvnoticias.mx\/index.php\/wp-json\/wp\/v2\/media\/189708"}],"wp:attachment":[{"href":"https:\/\/nvnoticias.mx\/index.php\/wp-json\/wp\/v2\/media?parent=189707"}],"wp:term":[{"taxonomy":"category","embeddable":true,"href":"https:\/\/nvnoticias.mx\/index.php\/wp-json\/wp\/v2\/categories?post=189707"},{"taxonomy":"post_tag","embeddable":true,"href":"https:\/\/nvnoticias.mx\/index.php\/wp-json\/wp\/v2\/tags?post=189707"}],"curies":[{"name":"wp","href":"https:\/\/api.w.org\/{rel}","templated":true}]}}