{"id":189533,"date":"2025-08-04T09:00:15","date_gmt":"2025-08-04T15:00:15","guid":{"rendered":"https:\/\/nvnoticias.mx\/?p=189533"},"modified":"2025-08-04T09:00:19","modified_gmt":"2025-08-04T15:00:19","slug":"la-vejentud-entre-el-discurso-y-la-deuda-social","status":"publish","type":"post","link":"https:\/\/nvnoticias.mx\/index.php\/2025\/08\/04\/la-vejentud-entre-el-discurso-y-la-deuda-social\/","title":{"rendered":"La vejentud entre el discurso y la deuda social"},"content":{"rendered":"\n<p><\/p>\n\n\n\n<p><\/p>\n\n\n\n<figure class=\"wp-block-pullquote\"><blockquote><p>Alguien como t\u00fa<br><strong>Gladys P\u00e9rez Maldonado<\/strong><\/p><\/blockquote><\/figure>\n\n\n\n<figure class=\"wp-block-pullquote\"><blockquote><p><em>\u201cLa vejez no deber\u00eda medirse por los a\u00f1os vividos, sino por las oportunidades que a\u00fan se tienen para vivir con dignidad.\u201d<\/em><\/p><cite>Ver\u00f3nica Montes de Oca, especialista en envejecimiento, UNAM<\/cite><\/blockquote><\/figure>\n\n\n\n<p>En M\u00e9xico, agosto se viste de homenajes, el mes de la vejez, que culmina el 28, se presta para campa\u00f1as oficiales, descuentos comerciales y frases conmovedoras. Pero basta mirar las cifras para descubrir lo evidente, celebramos con palabras a quienes, en los hechos, seguimos condenando a la precariedad.<\/p>\n\n\n\n<p>Hoy, hay m\u00e1s de 16.4 millones de personas mayores de 60 a\u00f1os, el 13\u202f% de la poblaci\u00f3n, seg\u00fan proyecciones del Consejo Nacional de Poblaci\u00f3n (CONAPO), esta cifra seguir\u00e1 creciendo. M\u00e9xico est\u00e1 envejeciendo m\u00e1s r\u00e1pido de lo que sus instituciones se fortalecen, y eso tiene consecuencias claras: pobreza, abandono y desigualdad.<\/p>\n\n\n\n<p>Aunque la pobreza en este grupo baj\u00f3 de 43\u202f% en 2018 a 31\u202f% en 2022, a\u00fan hablamos de casi 4 millones de abuelos y abuelas viviendo sin lo m\u00ednimo indispensable. En estados como Guerrero, Veracruz y Chiapas, m\u00e1s de la mitad de ellos enfrenta pobreza, y la mayor\u00eda depende de transferencias p\u00fablicas para sobrevivir.<\/p>\n\n\n\n<p>Pero la vulnerabilidad no se explica solo con ingresos. Tres de cada diez adultos mayores carecen de servicios m\u00e9dicos, 62\u202f% nunca cotiz\u00f3 para una pensi\u00f3n contributiva, una condena que golpea con mayor fuerza a las mujeres, ocho de cada diez est\u00e1n fuera del sistema formal de seguridad social. En otras palabras, para muchas mujeres mexicanas, la vejez es la etapa donde se acumulan todas las desigualdades que cargaron en silencio durante su vida.<\/p>\n\n\n\n<p>El gobierno presume avances, la Pensi\u00f3n para el Bienestar pas\u00f3 a 6,200 pesos bimestrales y llega a m\u00e1s de 12 millones de personas; el nuevo programa Mujeres Bienestar ofrece 3,000 pesos bimestrales a quienes tienen entre 60 y 64 a\u00f1os. Son medidas necesarias, pero insuficientes. En tanto, m\u00e1s de la mitad de los adultos mayores sigue trabajando en la informalidad para sobrevivir, hablar de <em>bienestar<\/em> parece una iron\u00eda.<\/p>\n\n\n\n<p>El problema no se resuelve con subsidios fragmentados, sino con pol\u00edticas p\u00fablicas integrales, la vejez digna no puede depender de transferencias sujetas al humor del presupuesto anual, se requieren pensiones universales blindadas como derecho constitucional, y un Sistema Nacional de Cuidados que reconozca que las mujeres mayores no solo necesitan cuidados, tambi\u00e9n los siguen brindando, muchas veces sin pago ni apoyo.<\/p>\n\n\n\n<p>A esto se suma una realidad que rara vez aparece en los discursos oficiales: el maltrato y la violencia intrafamiliar. En nuestro pa\u00eds, uno de cada tres adultos mayores sufre alg\u00fan tipo de maltrato, y el 97\u202f% de los casos ocurre en el entorno familiar, la mayor\u00eda son mujeres. Es una violencia silenciosa, invisible, que erosiona la \u00faltima etapa de la vida y que el Estado sigue abordando con protocolos d\u00e9biles, campa\u00f1as espor\u00e1dicas y sin mecanismos efectivos de protecci\u00f3n.<\/p>\n\n\n\n<p>Mientras tanto, nos aplaudimos con homenajes simb\u00f3licos, agosto se vuelve una postal c\u00f3moda, una foto con los abuelos, una frase conmovedora, un descuento con la credencial del INAPAM; pero el pa\u00eds que se emociona en agosto es el mismo que abandona en septiembre.<\/p>\n\n\n\n<p>La realidad es clara\u2026 M\u00e9xico envejece sin prepararse para envejecer. En tanto la pol\u00edtica social siga siendo administrada como una estrategia de corto plazo, m\u00e1s cercana a la d\u00e1diva electoral que a un compromiso de Estado, la deuda con los adultos mayores seguir\u00e1 creciendo.<\/p>\n\n\n\n<p>Para <em>Alguien como t\u00fa<\/em>, este <em>mes de la vejentud<\/em> deber\u00eda marcar un punto de quiebre, un pacto nacional por la vejez digna debe incluir, como m\u00ednimo: 1. Pensiones universales suficientes y constitucionalmente protegidas, para que ning\u00fan cambio de gobierno las reduzca o congele. 2. Un Sistema Nacional de Cuidados con financiamiento real, que reconozca y redistribuya el trabajo no remunerado. 3. Protocolos accesibles para denunciar maltrato, con acompa\u00f1amiento legal y sanciones efectivas. 4. Inversi\u00f3n sostenida en salud geri\u00e1trica y prevenci\u00f3n, porque la vejez no es enfermedad, pero s\u00ed requiere atenci\u00f3n especializada, por mencionar algunas.<\/p>\n\n\n\n<p>Celebrar a los y las abuelas no es subir una foto a la red social, ni regalarles una taza con la frase <em>Te amo, abuelo<\/em>. Celebrarlos de verdad implicar\u00eda transformar la manera en que este pa\u00eds entiende la vejez, dejar de verla como carga y reconocerla como etapa con derechos plenos.<\/p>\n\n\n\n<p>No m\u00e1s aplausos a homenajes vac\u00edos, pues lo \u00fanico que lograremos ser\u00e1 envejecer en las mismas condiciones que hoy lamentamos para quienes nos antecedieron. As\u00ed, cuando sea nuestro turno, ya no habr\u00e1 mes de la ancianidad que pueda maquillarlo\u2026<\/p>\n","protected":false},"excerpt":{"rendered":"<p>Alguien como t\u00faGladys P\u00e9rez Maldonado \u201cLa vejez no deber\u00eda medirse por los a\u00f1os vividos, sino por las oportunidades que a\u00fan se tienen para vivir con dignidad.\u201d Ver\u00f3nica Montes de Oca, especialista en envejecimiento, UNAM En M\u00e9xico, agosto se viste de homenajes, el mes de la vejez, que culmina el 28, se presta para campa\u00f1as oficiales, [&hellip;]<\/p>\n","protected":false},"author":45,"featured_media":71729,"comment_status":"open","ping_status":"open","sticky":false,"template":"","format":"standard","meta":{"_monsterinsights_skip_tracking":false,"_monsterinsights_sitenote_active":false,"_monsterinsights_sitenote_note":"","_monsterinsights_sitenote_category":0,"footnotes":""},"categories":[15405],"tags":[15415],"class_list":["post-189533","post","type-post","status-publish","format-standard","has-post-thumbnail","hentry","category-alguien-como-tu","tag-gladys-perez-maldonado","wp-image-borders"],"amp_enabled":true,"_links":{"self":[{"href":"https:\/\/nvnoticias.mx\/index.php\/wp-json\/wp\/v2\/posts\/189533","targetHints":{"allow":["GET"]}}],"collection":[{"href":"https:\/\/nvnoticias.mx\/index.php\/wp-json\/wp\/v2\/posts"}],"about":[{"href":"https:\/\/nvnoticias.mx\/index.php\/wp-json\/wp\/v2\/types\/post"}],"author":[{"embeddable":true,"href":"https:\/\/nvnoticias.mx\/index.php\/wp-json\/wp\/v2\/users\/45"}],"replies":[{"embeddable":true,"href":"https:\/\/nvnoticias.mx\/index.php\/wp-json\/wp\/v2\/comments?post=189533"}],"version-history":[{"count":1,"href":"https:\/\/nvnoticias.mx\/index.php\/wp-json\/wp\/v2\/posts\/189533\/revisions"}],"predecessor-version":[{"id":189534,"href":"https:\/\/nvnoticias.mx\/index.php\/wp-json\/wp\/v2\/posts\/189533\/revisions\/189534"}],"wp:featuredmedia":[{"embeddable":true,"href":"https:\/\/nvnoticias.mx\/index.php\/wp-json\/wp\/v2\/media\/71729"}],"wp:attachment":[{"href":"https:\/\/nvnoticias.mx\/index.php\/wp-json\/wp\/v2\/media?parent=189533"}],"wp:term":[{"taxonomy":"category","embeddable":true,"href":"https:\/\/nvnoticias.mx\/index.php\/wp-json\/wp\/v2\/categories?post=189533"},{"taxonomy":"post_tag","embeddable":true,"href":"https:\/\/nvnoticias.mx\/index.php\/wp-json\/wp\/v2\/tags?post=189533"}],"curies":[{"name":"wp","href":"https:\/\/api.w.org\/{rel}","templated":true}]}}