{"id":18938,"date":"2021-07-19T14:13:55","date_gmt":"2021-07-19T19:13:55","guid":{"rendered":"https:\/\/nvnoticias.mx\/?p=18938"},"modified":"2021-07-19T14:13:56","modified_gmt":"2021-07-19T19:13:56","slug":"niega-oliver-olmos-acusaciones-en-su-contra","status":"publish","type":"post","link":"https:\/\/nvnoticias.mx\/index.php\/2021\/07\/19\/niega-oliver-olmos-acusaciones-en-su-contra\/","title":{"rendered":"Niega Oliver Olmos acusaciones en su contra"},"content":{"rendered":"\n<p><strong>Jes\u00fas Utrilla<\/strong>&nbsp;<strong>| NV Noticias<\/strong>&nbsp;<\/p>\n\n\n\n<p>Veracruz. &#8211;&nbsp;&nbsp;Oliver&nbsp;Olmos Cabrera, expresidente de Movimiento Civil Independiente, neg\u00f3 las acusaciones en su contra y explic\u00f3 que s\u00f3lo le falt\u00f3 reportar 3 mil pesos de gastos de campa\u00f1a, pero de su propio dinero, no del MOCI.&nbsp;<\/p>\n\n\n\n<p>Adem\u00e1s, aclar\u00f3 que el acta constitutiva de \u201cMOCI&nbsp;Va Contigo\u201d fue creada, seg\u00fan el&nbsp;\u00f3rgano&nbsp;electoral, con el \u00fanico objeto de postular su candidatura independiente a la alcald\u00eda de Veracruz y que pudiera participar en el proceso electoral pasado.&nbsp;<\/p>\n\n\n\n<blockquote class=\"wp-block-quote is-layout-flow wp-block-quote-is-layout-flow\"><p>\u201cEs una asociaci\u00f3n civil que se cre\u00f3 para participar en el proceso 2020-2021 y aparecen seis personas y ah\u00ed soy el candidato para la alcald\u00eda de Veracruz\u201d.\u00a0<\/p><\/blockquote>\n\n\n\n<p>Admiti\u00f3 que tiene intenciones de formalizar&nbsp;y&nbsp;legalizar al Movimiento Civil Independiente, pero expulsando a tres personas que ocuparon indebidamente el logo y nombre del organismo.&nbsp;<\/p>\n\n\n\n<p>Agreg\u00f3 que el acta tiene una vigencia de 1 a\u00f1o seg\u00fan la ley electoral, hasta que el Organismo P\u00fablico Local&nbsp;Electoral finiquite&nbsp;el proceso.&nbsp;<\/p>\n\n\n\n<p>Puntualiz\u00f3 que dicha acta solo tiene validez para postular una candidatura independiente, y que no sirve para nada m\u00e1s.&nbsp;<\/p>\n\n\n\n<p>Cabe recordar que el Movimiento Civil Independiente denunci\u00f3 a&nbsp;Oliver&nbsp;Olmos Cabrera, exdirigente del movimiento, por los malos manejos que haya cometido en campa\u00f1a.&nbsp;<\/p>\n","protected":false},"excerpt":{"rendered":"<p>Jes\u00fas Utrilla&nbsp;| NV Noticias&nbsp; Veracruz. &#8211;&nbsp;&nbsp;Oliver&nbsp;Olmos Cabrera, expresidente de Movimiento Civil Independiente, neg\u00f3 las acusaciones en su contra y explic\u00f3 que s\u00f3lo le falt\u00f3 reportar 3 mil pesos de gastos de campa\u00f1a, pero de su propio dinero, no del MOCI.&nbsp; Adem\u00e1s, aclar\u00f3 que el acta constitutiva de \u201cMOCI&nbsp;Va Contigo\u201d fue creada, seg\u00fan el&nbsp;\u00f3rgano&nbsp;electoral, con el [&hellip;]<\/p>\n","protected":false},"author":6,"featured_media":18940,"comment_status":"open","ping_status":"open","sticky":false,"template":"","format":"standard","meta":{"_monsterinsights_skip_tracking":false,"_monsterinsights_sitenote_active":false,"_monsterinsights_sitenote_note":"","_monsterinsights_sitenote_category":0,"footnotes":""},"categories":[154],"tags":[529,531],"class_list":["post-18938","post","type-post","status-publish","format-standard","has-post-thumbnail","hentry","category-veracruz","tag-moci","tag-oliver-olmos-cabrera","wp-image-borders"],"amp_enabled":true,"_links":{"self":[{"href":"https:\/\/nvnoticias.mx\/index.php\/wp-json\/wp\/v2\/posts\/18938","targetHints":{"allow":["GET"]}}],"collection":[{"href":"https:\/\/nvnoticias.mx\/index.php\/wp-json\/wp\/v2\/posts"}],"about":[{"href":"https:\/\/nvnoticias.mx\/index.php\/wp-json\/wp\/v2\/types\/post"}],"author":[{"embeddable":true,"href":"https:\/\/nvnoticias.mx\/index.php\/wp-json\/wp\/v2\/users\/6"}],"replies":[{"embeddable":true,"href":"https:\/\/nvnoticias.mx\/index.php\/wp-json\/wp\/v2\/comments?post=18938"}],"version-history":[{"count":1,"href":"https:\/\/nvnoticias.mx\/index.php\/wp-json\/wp\/v2\/posts\/18938\/revisions"}],"predecessor-version":[{"id":18939,"href":"https:\/\/nvnoticias.mx\/index.php\/wp-json\/wp\/v2\/posts\/18938\/revisions\/18939"}],"wp:featuredmedia":[{"embeddable":true,"href":"https:\/\/nvnoticias.mx\/index.php\/wp-json\/wp\/v2\/media\/18940"}],"wp:attachment":[{"href":"https:\/\/nvnoticias.mx\/index.php\/wp-json\/wp\/v2\/media?parent=18938"}],"wp:term":[{"taxonomy":"category","embeddable":true,"href":"https:\/\/nvnoticias.mx\/index.php\/wp-json\/wp\/v2\/categories?post=18938"},{"taxonomy":"post_tag","embeddable":true,"href":"https:\/\/nvnoticias.mx\/index.php\/wp-json\/wp\/v2\/tags?post=18938"}],"curies":[{"name":"wp","href":"https:\/\/api.w.org\/{rel}","templated":true}]}}