{"id":189339,"date":"2025-08-01T11:00:07","date_gmt":"2025-08-01T17:00:07","guid":{"rendered":"https:\/\/nvnoticias.mx\/?p=189339"},"modified":"2025-08-01T11:00:12","modified_gmt":"2025-08-01T17:00:12","slug":"respetamos-al-pueblo-de-el-salvador-sheinbaum-respecto-a-releccion-de-bukele","status":"publish","type":"post","link":"https:\/\/nvnoticias.mx\/index.php\/2025\/08\/01\/respetamos-al-pueblo-de-el-salvador-sheinbaum-respecto-a-releccion-de-bukele\/","title":{"rendered":"Respetamos al pueblo de El Salvador: Sheinbaum respecto a relecci\u00f3n de Bukele"},"content":{"rendered":"\n<p>&nbsp;\u201cRespetamos al pueblo de El Salvador. Esa es la pol\u00edtica exterior mexicana\u201d, afirm\u00f3 este viernes la presidenta Claudia Sheinbaum Pardo, al ser cuestionada sobre la aprobaci\u00f3n de la relecci\u00f3n presidencial indefinida en ese pa\u00eds centroamericano.<\/p>\n\n\n\n<p>Consultada sobre el tema en su habitual rueda de prensa en Palacio Nacional, la mandataria evit\u00f3 pronunciarse sobre si esta medida implicar\u00eda la perpetuaci\u00f3n en el poder del presidente Nayib Bukele y reiter\u00f3 que M\u00e9xico mantiene una pol\u00edtica de respeto a la soberan\u00eda y las decisiones internas de otras naciones.<\/p>\n\n\n\n<p>Fuente: La <a href=\"https:\/\/www.jornada.com.mx\/noticia\/2025\/08\/01\/politica\/respetamos-al-pueblo-de-el-salvador-dice-sheinbaum-respecto-a-releccion-de-bukele\">Jornada<\/a> <\/p>\n","protected":false},"excerpt":{"rendered":"<p>&nbsp;\u201cRespetamos al pueblo de El Salvador. Esa es la pol\u00edtica exterior mexicana\u201d, afirm\u00f3 este viernes la presidenta Claudia Sheinbaum Pardo, al ser cuestionada sobre la aprobaci\u00f3n de la relecci\u00f3n presidencial indefinida en ese pa\u00eds centroamericano. Consultada sobre el tema en su habitual rueda de prensa en Palacio Nacional, la mandataria evit\u00f3 pronunciarse sobre si esta [&hellip;]<\/p>\n","protected":false},"author":35,"featured_media":189340,"comment_status":"open","ping_status":"open","sticky":false,"template":"","format":"standard","meta":{"_monsterinsights_skip_tracking":false,"_monsterinsights_sitenote_active":false,"_monsterinsights_sitenote_note":"","_monsterinsights_sitenote_category":0,"footnotes":""},"categories":[157],"tags":[2801,685,2623],"class_list":["post-189339","post","type-post","status-publish","format-standard","has-post-thumbnail","hentry","category-nacional","tag-claudia-sheinbaum","tag-el-salvador","tag-nayib-bukele","wp-image-borders"],"amp_enabled":true,"_links":{"self":[{"href":"https:\/\/nvnoticias.mx\/index.php\/wp-json\/wp\/v2\/posts\/189339","targetHints":{"allow":["GET"]}}],"collection":[{"href":"https:\/\/nvnoticias.mx\/index.php\/wp-json\/wp\/v2\/posts"}],"about":[{"href":"https:\/\/nvnoticias.mx\/index.php\/wp-json\/wp\/v2\/types\/post"}],"author":[{"embeddable":true,"href":"https:\/\/nvnoticias.mx\/index.php\/wp-json\/wp\/v2\/users\/35"}],"replies":[{"embeddable":true,"href":"https:\/\/nvnoticias.mx\/index.php\/wp-json\/wp\/v2\/comments?post=189339"}],"version-history":[{"count":3,"href":"https:\/\/nvnoticias.mx\/index.php\/wp-json\/wp\/v2\/posts\/189339\/revisions"}],"predecessor-version":[{"id":189343,"href":"https:\/\/nvnoticias.mx\/index.php\/wp-json\/wp\/v2\/posts\/189339\/revisions\/189343"}],"wp:featuredmedia":[{"embeddable":true,"href":"https:\/\/nvnoticias.mx\/index.php\/wp-json\/wp\/v2\/media\/189340"}],"wp:attachment":[{"href":"https:\/\/nvnoticias.mx\/index.php\/wp-json\/wp\/v2\/media?parent=189339"}],"wp:term":[{"taxonomy":"category","embeddable":true,"href":"https:\/\/nvnoticias.mx\/index.php\/wp-json\/wp\/v2\/categories?post=189339"},{"taxonomy":"post_tag","embeddable":true,"href":"https:\/\/nvnoticias.mx\/index.php\/wp-json\/wp\/v2\/tags?post=189339"}],"curies":[{"name":"wp","href":"https:\/\/api.w.org\/{rel}","templated":true}]}}