{"id":189317,"date":"2025-08-01T10:38:53","date_gmt":"2025-08-01T16:38:53","guid":{"rendered":"https:\/\/nvnoticias.mx\/?p=189317"},"modified":"2025-08-01T10:38:58","modified_gmt":"2025-08-01T16:38:58","slug":"felicita-sheinbaum-al-clavadista-osmar-olvera","status":"publish","type":"post","link":"https:\/\/nvnoticias.mx\/index.php\/2025\/08\/01\/felicita-sheinbaum-al-clavadista-osmar-olvera\/","title":{"rendered":"Felicita Sheinbaum al clavadista Osmar Olvera"},"content":{"rendered":"\n<p>La presidenta Claudia Sheinbaum Pardo extendi\u00f3 este viernes sus felicitaciones al clavadista mexicano Osmar Olvera, quien consigui\u00f3 la medalla de oro en la prueba de trampol\u00edn de tres metros del Mundial de Deportes Acu\u00e1ticos Singapur 2025.<\/p>\n\n\n\n<p>En su rueda de prensa diaria en Palacio Nacional, la mandataria proyect\u00f3 un video de la participaci\u00f3n de Olvera en la competencia y aplaudi\u00f3 su victoria. \u201dFelicidades\u201d, exclam\u00f3.<\/p>\n\n\n\n<p>Fuente: La <a href=\"https:\/\/www.jornada.com.mx\/noticia\/2025\/08\/01\/deportes\/felicita-sheinbaum-al-clavadista-osmar-olvera-por-el-oro-ganado-en-singapur\">Jornada<\/a><\/p>\n","protected":false},"excerpt":{"rendered":"<p>La presidenta Claudia Sheinbaum Pardo extendi\u00f3 este viernes sus felicitaciones al clavadista mexicano Osmar Olvera, quien consigui\u00f3 la medalla de oro en la prueba de trampol\u00edn de tres metros del Mundial de Deportes Acu\u00e1ticos Singapur 2025. En su rueda de prensa diaria en Palacio Nacional, la mandataria proyect\u00f3 un video de la participaci\u00f3n de Olvera [&hellip;]<\/p>\n","protected":false},"author":35,"featured_media":189318,"comment_status":"open","ping_status":"open","sticky":false,"template":"","format":"standard","meta":{"_monsterinsights_skip_tracking":false,"_monsterinsights_sitenote_active":false,"_monsterinsights_sitenote_note":"","_monsterinsights_sitenote_category":0,"footnotes":""},"categories":[159],"tags":[2801,5334],"class_list":["post-189317","post","type-post","status-publish","format-standard","has-post-thumbnail","hentry","category-deportes","tag-claudia-sheinbaum","tag-osmar-olvera","wp-image-borders"],"amp_enabled":true,"_links":{"self":[{"href":"https:\/\/nvnoticias.mx\/index.php\/wp-json\/wp\/v2\/posts\/189317","targetHints":{"allow":["GET"]}}],"collection":[{"href":"https:\/\/nvnoticias.mx\/index.php\/wp-json\/wp\/v2\/posts"}],"about":[{"href":"https:\/\/nvnoticias.mx\/index.php\/wp-json\/wp\/v2\/types\/post"}],"author":[{"embeddable":true,"href":"https:\/\/nvnoticias.mx\/index.php\/wp-json\/wp\/v2\/users\/35"}],"replies":[{"embeddable":true,"href":"https:\/\/nvnoticias.mx\/index.php\/wp-json\/wp\/v2\/comments?post=189317"}],"version-history":[{"count":4,"href":"https:\/\/nvnoticias.mx\/index.php\/wp-json\/wp\/v2\/posts\/189317\/revisions"}],"predecessor-version":[{"id":189322,"href":"https:\/\/nvnoticias.mx\/index.php\/wp-json\/wp\/v2\/posts\/189317\/revisions\/189322"}],"wp:featuredmedia":[{"embeddable":true,"href":"https:\/\/nvnoticias.mx\/index.php\/wp-json\/wp\/v2\/media\/189318"}],"wp:attachment":[{"href":"https:\/\/nvnoticias.mx\/index.php\/wp-json\/wp\/v2\/media?parent=189317"}],"wp:term":[{"taxonomy":"category","embeddable":true,"href":"https:\/\/nvnoticias.mx\/index.php\/wp-json\/wp\/v2\/categories?post=189317"},{"taxonomy":"post_tag","embeddable":true,"href":"https:\/\/nvnoticias.mx\/index.php\/wp-json\/wp\/v2\/tags?post=189317"}],"curies":[{"name":"wp","href":"https:\/\/api.w.org\/{rel}","templated":true}]}}