{"id":18921,"date":"2021-07-19T12:21:55","date_gmt":"2021-07-19T17:21:55","guid":{"rendered":"https:\/\/nvnoticias.mx\/?p=18921"},"modified":"2021-07-19T12:21:56","modified_gmt":"2021-07-19T17:21:56","slug":"gimnasta-estadunidense-da-positivo-de-covid-19","status":"publish","type":"post","link":"https:\/\/nvnoticias.mx\/index.php\/2021\/07\/19\/gimnasta-estadunidense-da-positivo-de-covid-19\/","title":{"rendered":"Gimnasta estadunidense da positivo de covid-19"},"content":{"rendered":"\n<h2 class=\"wp-block-heading\">Una integrante del equipo norteamericano fue diagnosticada con coronavirus en Inzai, Tokio.<\/h2>\n\n\n\n<p><strong>Una gimnasta estadunidense ha sido diagnosticada con covid-19\u00a0<\/strong>en el campo de entrenamiento de la selecci\u00f3n, y ha sido aislada junto a otro miembro del equipo seg\u00fan anuncia un responsable de la ciudad de Inzai, al este de Tokio.<\/p>\n\n\n\n<p><strong>La identidad de la deportista\u00a0no ha sido desvelada<\/strong>, pero el responsable precis\u00f3 que se trataba de una joven adolescente. <strong>Este anuncio llega despu\u00e9s que la villa ol\u00edmpica de Tokio<\/strong>, donde miles de deportistas y t\u00e9cnicos viven en una burbuja, haya sufrido este fin de semana sus primeros casos.<\/p>\n\n\n\n<blockquote class=\"wp-block-quote is-layout-flow wp-block-quote-is-layout-flow\"><p>&#8220;La deportista ha sido aislada y es asintom\u00e1tica. Lleg\u00f3 a Jap\u00f3n el 15 de julio. Otro miembro del equipo ha sido identificado como contacto estrecho. Tambi\u00e9n est\u00e1 solo en su habitaci\u00f3n.&#8221;<\/p><cite>explic\u00f3 Kimiya Kosaku, el responsable de Inzai.<\/cite><\/blockquote>\n\n\n\n<p><strong>La agencia Kyodo News anunci\u00f3 que el resto del equipo ya se ha instalado en la villa ol\u00edmpica\u00a0<\/strong>de Tokio, en la tarde de este lunes.<\/p>\n\n\n\n<p>Los Juegos Ol\u00edmpicos, pospuestos un a\u00f1o por la pandemia, comenzar\u00e1n oficialmente el viernes bajo estrictas condiciones sanitarias y casi sin p\u00fablico. Finalizar\u00e1n el 8 de agosto.<\/p>\n\n\n\n<blockquote class=\"wp-block-quote is-layout-flow wp-block-quote-is-layout-flow\"><p>&#8220;Podemos confirmar que una sustituto en la gimnasia art\u00edstica dio positiva al covid-19. En l\u00ednea con los reglamentos locales y el protocolo, ha sido transferida a un hotel de cuarentena.&#8221;<\/p><cite>se\u00f1al\u00f3 el Comit\u00e9 Ol\u00edmpico Estadounidense, preguntado por la AFP.<\/cite><\/blockquote>\n","protected":false},"excerpt":{"rendered":"<p>Una integrante del equipo norteamericano fue diagnosticada con coronavirus en Inzai, Tokio. Una gimnasta estadunidense ha sido diagnosticada con covid-19\u00a0en el campo de entrenamiento de la selecci\u00f3n, y ha sido aislada junto a otro miembro del equipo seg\u00fan anuncia un responsable de la ciudad de Inzai, al este de Tokio. La identidad de la deportista\u00a0no [&hellip;]<\/p>\n","protected":false},"author":35,"featured_media":18922,"comment_status":"open","ping_status":"open","sticky":false,"template":"","format":"standard","meta":{"_monsterinsights_skip_tracking":false,"_monsterinsights_sitenote_active":false,"_monsterinsights_sitenote_note":"","_monsterinsights_sitenote_category":0,"footnotes":""},"categories":[159],"tags":[359,358,175,5116,5115,261,2828,5114],"class_list":["post-18921","post","type-post","status-publish","format-standard","has-post-thumbnail","hentry","category-deportes","tag-coronavirus","tag-covid","tag-covid-19","tag-equipo-estadounidense-de-gimnasia","tag-gimnasia","tag-juegos-olimpicos","tag-juegos-olimpicos-de-tokio","tag-olimpiadas","wp-image-borders"],"amp_enabled":true,"_links":{"self":[{"href":"https:\/\/nvnoticias.mx\/index.php\/wp-json\/wp\/v2\/posts\/18921","targetHints":{"allow":["GET"]}}],"collection":[{"href":"https:\/\/nvnoticias.mx\/index.php\/wp-json\/wp\/v2\/posts"}],"about":[{"href":"https:\/\/nvnoticias.mx\/index.php\/wp-json\/wp\/v2\/types\/post"}],"author":[{"embeddable":true,"href":"https:\/\/nvnoticias.mx\/index.php\/wp-json\/wp\/v2\/users\/35"}],"replies":[{"embeddable":true,"href":"https:\/\/nvnoticias.mx\/index.php\/wp-json\/wp\/v2\/comments?post=18921"}],"version-history":[{"count":1,"href":"https:\/\/nvnoticias.mx\/index.php\/wp-json\/wp\/v2\/posts\/18921\/revisions"}],"predecessor-version":[{"id":18923,"href":"https:\/\/nvnoticias.mx\/index.php\/wp-json\/wp\/v2\/posts\/18921\/revisions\/18923"}],"wp:featuredmedia":[{"embeddable":true,"href":"https:\/\/nvnoticias.mx\/index.php\/wp-json\/wp\/v2\/media\/18922"}],"wp:attachment":[{"href":"https:\/\/nvnoticias.mx\/index.php\/wp-json\/wp\/v2\/media?parent=18921"}],"wp:term":[{"taxonomy":"category","embeddable":true,"href":"https:\/\/nvnoticias.mx\/index.php\/wp-json\/wp\/v2\/categories?post=18921"},{"taxonomy":"post_tag","embeddable":true,"href":"https:\/\/nvnoticias.mx\/index.php\/wp-json\/wp\/v2\/tags?post=18921"}],"curies":[{"name":"wp","href":"https:\/\/api.w.org\/{rel}","templated":true}]}}