{"id":189187,"date":"2025-07-31T12:10:39","date_gmt":"2025-07-31T18:10:39","guid":{"rendered":"https:\/\/nvnoticias.mx\/?p=189187"},"modified":"2025-07-31T12:10:43","modified_gmt":"2025-07-31T18:10:43","slug":"destaca-juan-ramon-de-la-fuente-liderazgo-de-sheinbaum-durante-negociacion-con-trump","status":"publish","type":"post","link":"https:\/\/nvnoticias.mx\/index.php\/2025\/07\/31\/destaca-juan-ramon-de-la-fuente-liderazgo-de-sheinbaum-durante-negociacion-con-trump\/","title":{"rendered":"Destaca Juan Ram\u00f3n de la Fuente liderazgo de Sheinbaum durante negociaci\u00f3n con Trump"},"content":{"rendered":"\n<p>El canciller Juan Ram\u00f3n de la Fuente destac\u00f3 este jueves el liderazgo de la presidenta Claudia Sheinbaum Pardo durante las negociaciones y la conversaci\u00f3n telef\u00f3nica que sostuvo esta ma\u00f1ana con su hom\u00f3logo estadunidense, Donald Trump y asegur\u00f3 que la estrategia de di\u00e1logo instruida por la mandataria \u201cha sido altamente satisfactoria para M\u00e9xico\u201d.<\/p>\n\n\n\n<p>Durante la conferencia matutina en Palacio Nacional, De la Fuente acompa\u00f1\u00f3 a la presidenta y relat\u00f3 que la llamada, en la que \u00e9l estuvo presente, se caracteriz\u00f3 por el respeto y la firmeza con que Sheinbaum defendi\u00f3 los intereses del pa\u00eds frente a un interlocutor que \u201cha sido muy expl\u00edcito en sus planteamientos y puntos de vista\u201d.<\/p>\n\n\n\n<p>Fue una conversaci\u00f3n en donde predominaron el respeto y la congruencia de nuestra presidenta frente a diversos temas que son particularmente importantes para M\u00e9xico\u201d, se\u00f1al\u00f3 el canciller. \u201cSu firmeza en la defensa de los intereses del pa\u00eds y su inteligencia para sacar adelante una conversaci\u00f3n que le da enormes ventajas a M\u00e9xico son motivo de orgullo\u201d, agreg\u00f3.<\/p>\n\n\n\n<p>De la Fuente subray\u00f3 que la relevancia de la mandataria mexicana se refleja en que Trump estuvo acompa\u00f1ado por siete miembros de su gabinete ampliado, incluido el vicepresidente, durante la llamada. Asimismo, indic\u00f3 que Sheinbaum orden\u00f3 continuar con el di\u00e1logo permanente en los distintos frentes de la relaci\u00f3n bilateral.<\/p>\n\n\n\n<p>\u201cLa instrucci\u00f3n que nos ha reiterado la presidenta Sheinbaum al concluir esta conversaci\u00f3n fue muy clara y expl\u00edcita: vamos a seguir el di\u00e1logo y mantener las conversaciones en los diversos temas porque ha sido una estrategia que hasta ahora ha resultado altamente satisfactoria para M\u00e9xico\u201d, afirm\u00f3.<\/p>\n\n\n\n<p>El canciller concluy\u00f3 su intervenci\u00f3n expresando su orgullo por formar parte del equipo de la jefa del Ejecutivo y resaltando que la conducci\u00f3n de la pol\u00edtica exterior mexicana ha fortalecido la posici\u00f3n del pa\u00eds frente a Estados Unidos en un contexto de negociaciones complejas.<\/p>\n\n\n\n<p>Fuente: La <a href=\"https:\/\/www.jornada.com.mx\/noticia\/2025\/07\/31\/politica\/destaca-juan-ramon-de-la-fuente-liderazgo-de-csp-durante-negociacion-con-trump\">Jornada<\/a> <\/p>\n","protected":false},"excerpt":{"rendered":"<p>El canciller Juan Ram\u00f3n de la Fuente destac\u00f3 este jueves el liderazgo de la presidenta Claudia Sheinbaum Pardo durante las negociaciones y la conversaci\u00f3n telef\u00f3nica que sostuvo esta ma\u00f1ana con su hom\u00f3logo estadunidense, Donald Trump y asegur\u00f3 que la estrategia de di\u00e1logo instruida por la mandataria \u201cha sido altamente satisfactoria para M\u00e9xico\u201d. Durante la conferencia [&hellip;]<\/p>\n","protected":false},"author":35,"featured_media":189189,"comment_status":"open","ping_status":"open","sticky":false,"template":"","format":"standard","meta":{"_monsterinsights_skip_tracking":false,"_monsterinsights_sitenote_active":false,"_monsterinsights_sitenote_note":"","_monsterinsights_sitenote_category":0,"footnotes":""},"categories":[158],"tags":[2801,230,30301],"class_list":["post-189187","post","type-post","status-publish","format-standard","has-post-thumbnail","hentry","category-politica","tag-claudia-sheinbaum","tag-donald-trump","tag-juan-ramon-de-la-fuente","wp-image-borders"],"amp_enabled":true,"_links":{"self":[{"href":"https:\/\/nvnoticias.mx\/index.php\/wp-json\/wp\/v2\/posts\/189187","targetHints":{"allow":["GET"]}}],"collection":[{"href":"https:\/\/nvnoticias.mx\/index.php\/wp-json\/wp\/v2\/posts"}],"about":[{"href":"https:\/\/nvnoticias.mx\/index.php\/wp-json\/wp\/v2\/types\/post"}],"author":[{"embeddable":true,"href":"https:\/\/nvnoticias.mx\/index.php\/wp-json\/wp\/v2\/users\/35"}],"replies":[{"embeddable":true,"href":"https:\/\/nvnoticias.mx\/index.php\/wp-json\/wp\/v2\/comments?post=189187"}],"version-history":[{"count":3,"href":"https:\/\/nvnoticias.mx\/index.php\/wp-json\/wp\/v2\/posts\/189187\/revisions"}],"predecessor-version":[{"id":189191,"href":"https:\/\/nvnoticias.mx\/index.php\/wp-json\/wp\/v2\/posts\/189187\/revisions\/189191"}],"wp:featuredmedia":[{"embeddable":true,"href":"https:\/\/nvnoticias.mx\/index.php\/wp-json\/wp\/v2\/media\/189189"}],"wp:attachment":[{"href":"https:\/\/nvnoticias.mx\/index.php\/wp-json\/wp\/v2\/media?parent=189187"}],"wp:term":[{"taxonomy":"category","embeddable":true,"href":"https:\/\/nvnoticias.mx\/index.php\/wp-json\/wp\/v2\/categories?post=189187"},{"taxonomy":"post_tag","embeddable":true,"href":"https:\/\/nvnoticias.mx\/index.php\/wp-json\/wp\/v2\/tags?post=189187"}],"curies":[{"name":"wp","href":"https:\/\/api.w.org\/{rel}","templated":true}]}}