{"id":189118,"date":"2025-07-30T14:39:16","date_gmt":"2025-07-30T20:39:16","guid":{"rendered":"https:\/\/nvnoticias.mx\/?p=189118"},"modified":"2025-07-30T14:39:19","modified_gmt":"2025-07-30T20:39:19","slug":"se-reforzara-proteccion-a-ambientalistas-barcena","status":"publish","type":"post","link":"https:\/\/nvnoticias.mx\/index.php\/2025\/07\/30\/se-reforzara-proteccion-a-ambientalistas-barcena\/","title":{"rendered":"Se reforzar\u00e1 protecci\u00f3n a ambientalistas: B\u00e1rcena"},"content":{"rendered":"\n<p>La titular de la Secretar\u00eda de Medio Ambiente y Recursos Naturales, Alicia B\u00e1rcena, se comprometi\u00f3 ayer a fortalecer los mecanismos de protecci\u00f3n para los ambientalistas, luego de que en 2024 se documentaron 94 agresiones contra ellos, incluidos 25 asesinatos.<\/p>\n\n\n\n<p>Frente a representantes de dependencias y organizaciones sociales, B\u00e1rcena se\u00f1al\u00f3 que construir alianzas en M\u00e9xico es muy importante porque no podemos dejar a la sociedad civil sola protegiendo los derechos de los defensores del medio ambiente, por lo cual se pronunci\u00f3 por fortalecer el trabajo conjunto del gobierno con los diferentes \u00f3rganos nacionales e internacionales en la materia.<\/p>\n\n\n\n<p>Al destacar la labor del Centro Mexicano de Derecho Ambiental (Cemda), la secretaria resalt\u00f3 la construcci\u00f3n de lazos m\u00e1s s\u00f3lidos con las secretar\u00edas de Gobernaci\u00f3n y de Seguridad y Protecci\u00f3n Ciudadana, adem\u00e1s del Instituto Nacional de los Pueblos Ind\u00edgenas. Asimismo, ofreci\u00f3 conjugar esfuerzos con los gobiernos federal, estatal y municipal, adem\u00e1s del sector privado, la academia, sociedad civil y organismos internacionales para dar justicia ambiental.<\/p>\n\n\n\n<p>Entre las labores a emprender, dijo que se debe conocer el trabajo de los ambientalistas, detectar los sitios prioritarios para intervenir, avanzar en el marco jur\u00eddico nacional e internacional en este materia o identificar las \u00e1reas de colaboraci\u00f3n.<\/p>\n\n\n\n<p>Tambi\u00e9n es importante, preciso, establecer una hoja de ruta para aplicar del Acuerdo de Escaz\u00fa, firmado en 2018 en Costa Rica, para reforzar estas medidas.<\/p>\n\n\n\n<p>B\u00e1rcena resalt\u00f3 que la mitad de los ataques a ambientalistas se dan en pueblos ind\u00edgenas. Precis\u00f3 que la Semarnat protege a ocho personas a trav\u00e9s de los mecanismos de protecci\u00f3n a defensores de derechos humanos y periodistas.<\/p>\n\n\n\n<p>Fuente: La <a href=\"https:\/\/www.jornada.com.mx\/noticia\/2025\/07\/30\/politica\/se-reforzara-proteccion-a-ambientalistas-barcena\">Jornada<\/a><\/p>\n","protected":false},"excerpt":{"rendered":"<p>La titular de la Secretar\u00eda de Medio Ambiente y Recursos Naturales, Alicia B\u00e1rcena, se comprometi\u00f3 ayer a fortalecer los mecanismos de protecci\u00f3n para los ambientalistas, luego de que en 2024 se documentaron 94 agresiones contra ellos, incluidos 25 asesinatos. Frente a representantes de dependencias y organizaciones sociales, B\u00e1rcena se\u00f1al\u00f3 que construir alianzas en M\u00e9xico es [&hellip;]<\/p>\n","protected":false},"author":35,"featured_media":189119,"comment_status":"open","ping_status":"open","sticky":false,"template":"","format":"standard","meta":{"_monsterinsights_skip_tracking":false,"_monsterinsights_sitenote_active":false,"_monsterinsights_sitenote_note":"","_monsterinsights_sitenote_category":0,"footnotes":""},"categories":[158],"tags":[12723],"class_list":["post-189118","post","type-post","status-publish","format-standard","has-post-thumbnail","hentry","category-politica","tag-alicia-barcena","wp-image-borders"],"amp_enabled":true,"_links":{"self":[{"href":"https:\/\/nvnoticias.mx\/index.php\/wp-json\/wp\/v2\/posts\/189118","targetHints":{"allow":["GET"]}}],"collection":[{"href":"https:\/\/nvnoticias.mx\/index.php\/wp-json\/wp\/v2\/posts"}],"about":[{"href":"https:\/\/nvnoticias.mx\/index.php\/wp-json\/wp\/v2\/types\/post"}],"author":[{"embeddable":true,"href":"https:\/\/nvnoticias.mx\/index.php\/wp-json\/wp\/v2\/users\/35"}],"replies":[{"embeddable":true,"href":"https:\/\/nvnoticias.mx\/index.php\/wp-json\/wp\/v2\/comments?post=189118"}],"version-history":[{"count":4,"href":"https:\/\/nvnoticias.mx\/index.php\/wp-json\/wp\/v2\/posts\/189118\/revisions"}],"predecessor-version":[{"id":189123,"href":"https:\/\/nvnoticias.mx\/index.php\/wp-json\/wp\/v2\/posts\/189118\/revisions\/189123"}],"wp:featuredmedia":[{"embeddable":true,"href":"https:\/\/nvnoticias.mx\/index.php\/wp-json\/wp\/v2\/media\/189119"}],"wp:attachment":[{"href":"https:\/\/nvnoticias.mx\/index.php\/wp-json\/wp\/v2\/media?parent=189118"}],"wp:term":[{"taxonomy":"category","embeddable":true,"href":"https:\/\/nvnoticias.mx\/index.php\/wp-json\/wp\/v2\/categories?post=189118"},{"taxonomy":"post_tag","embeddable":true,"href":"https:\/\/nvnoticias.mx\/index.php\/wp-json\/wp\/v2\/tags?post=189118"}],"curies":[{"name":"wp","href":"https:\/\/api.w.org\/{rel}","templated":true}]}}