{"id":189047,"date":"2025-07-30T13:03:25","date_gmt":"2025-07-30T19:03:25","guid":{"rendered":"https:\/\/nvnoticias.mx\/?p=189047"},"modified":"2025-07-30T13:04:55","modified_gmt":"2025-07-30T19:04:55","slug":"magnificar-la-violencia-tiene-un-costo-que-empobrece","status":"publish","type":"post","link":"https:\/\/nvnoticias.mx\/index.php\/2025\/07\/30\/magnificar-la-violencia-tiene-un-costo-que-empobrece\/","title":{"rendered":"Magnificar la violencia tiene un costo que empobrece"},"content":{"rendered":"\n<p>En Veracruz, cada habitante paga en promedio m\u00e1s de 23 mil pesos al a\u00f1o por la violencia. Pero hay un gasto silencioso que pasa desapercibido y que tambi\u00e9n empobrece: el costo de magnificar los hechos violentos sin contexto.<\/p>\n\n\n\n<p>No se trata de negar ni encubrir los delitos \u2014todo delito debe ser denunciado\u2014, pero s\u00ed de darle la justa dimensi\u00f3n a cada hecho, sin convertir lo excepcional en lo cotidiano. Porque cada vez que exageramos, que viralizamos un hecho aislado o que opinamos sin datos, tambi\u00e9n lastimamos la econom\u00eda de todos.<\/p>\n\n\n\n<p>El \u00cdndice de Paz M\u00e9xico 2025, elaborado por el Instituto para la Econom\u00eda y la Paz (IEP), report\u00f3 que Veracruz mejor\u00f3 su posici\u00f3n en homicidios, con una reducci\u00f3n del 5\u202f% respecto al a\u00f1o anterior. Sin embargo, la percepci\u00f3n de inseguridad sigue siendo alt\u00edsima: m\u00e1s del 79\u202f% de los veracruzanos se sienten inseguros (OEM, 2025).<\/p>\n\n\n\n<p>Ah\u00ed est\u00e1 el verdadero problema: la brecha entre la realidad y la percepci\u00f3n. Y esa percepci\u00f3n distorsionada tiene efectos reales.<\/p>\n\n\n\n<p>Cuando la gente cree que todo est\u00e1 peor, aunque los indicadores digan otra cosa, el consumo se frena, la inversi\u00f3n se detiene y el turismo se cae. Las empresas incrementan su gasto en seguridad, encarecen sus productos o cierran. Los j\u00f3venes se van. Los proyectos se postergan. Todo por miedo.<\/p>\n\n\n\n<p>La econom\u00eda veracruzana est\u00e1 dando se\u00f1ales positivas: creci\u00f3 un 1.88\u202f% en promedio, y las exportaciones superaron los 373 millones de d\u00f3lares en abril de este a\u00f1o (SE, 2025). Pero si el relato que predomina es el de la cat\u00e1strofe permanente, esa mejor\u00eda se invisibiliza y se desacelera.<\/p>\n\n\n\n<p>\u00bfCu\u00e1nto nos cuesta, entonces, el sensacionalismo?<\/p>\n\n\n\n<p>El IEP calcula el \u201ccosto de la violencia\u201d sumando todos los gastos p\u00fablicos y privados derivados de cr\u00edmenes, m\u00e1s las p\u00e9rdidas econ\u00f3micas: productividad ca\u00edda, gastos en salud, migraci\u00f3n, turismo perdido, etc. En Veracruz, esa cifra asciende a m\u00e1s de 191 mil millones de pesos anuales. Dividido entre la poblaci\u00f3n, se obtiene el costo per c\u00e1pita: $23,713 pesos al a\u00f1o por persona (IEP, 2025).<\/p>\n\n\n\n<p>Ahora bien, magnificar la violencia multiplica ese costo. Porque construye una narrativa que ahuyenta inversiones, rompe el tejido social, y genera pol\u00edticas p\u00fablicas que priorizan el control sobre la prevenci\u00f3n.<\/p>\n\n\n\n<p>La clave est\u00e1 en el equilibrio: denunciar sin distorsionar, informar con evidencia, actuar con inteligencia. Como ciudadano, acad\u00e9mico y defensor de comunidades seguras, insisto en que no podemos construir bienestar sobre la base del miedo.<\/p>\n\n\n\n<p>Veracruz no es un estado perfecto, pero tampoco es el infierno que algunos retratan. Y si queremos m\u00e1s empleo, m\u00e1s desarrollo, m\u00e1s seguridad, necesitamos tambi\u00e9n una narrativa m\u00e1s justa, m\u00e1s humana y veraz.<\/p>\n\n\n\n<h1 class=\"wp-block-heading\">ParaSerMejores sabidur\u00eda e inteligencia<\/h1>\n\n\n\n<p>Dr. Jeremias Zu\u00f1iga Mezano<\/p>\n","protected":false},"excerpt":{"rendered":"<p>En Veracruz, cada habitante paga en promedio m\u00e1s de 23 mil pesos al a\u00f1o por la violencia. Pero hay un gasto silencioso que pasa desapercibido y que tambi\u00e9n empobrece: el costo de magnificar los hechos violentos sin contexto. No se trata de negar ni encubrir los delitos \u2014todo delito debe ser denunciado\u2014, pero s\u00ed de [&hellip;]<\/p>\n","protected":false},"author":35,"featured_media":85490,"comment_status":"open","ping_status":"open","sticky":false,"template":"","format":"standard","meta":{"_monsterinsights_skip_tracking":false,"_monsterinsights_sitenote_active":false,"_monsterinsights_sitenote_note":"","_monsterinsights_sitenote_category":0,"footnotes":""},"categories":[30211],"tags":[31391],"class_list":["post-189047","post","type-post","status-publish","format-standard","has-post-thumbnail","hentry","category-para-ser-mejores","tag-jeremias-zuniga-mezano","wp-image-borders"],"amp_enabled":true,"_links":{"self":[{"href":"https:\/\/nvnoticias.mx\/index.php\/wp-json\/wp\/v2\/posts\/189047","targetHints":{"allow":["GET"]}}],"collection":[{"href":"https:\/\/nvnoticias.mx\/index.php\/wp-json\/wp\/v2\/posts"}],"about":[{"href":"https:\/\/nvnoticias.mx\/index.php\/wp-json\/wp\/v2\/types\/post"}],"author":[{"embeddable":true,"href":"https:\/\/nvnoticias.mx\/index.php\/wp-json\/wp\/v2\/users\/35"}],"replies":[{"embeddable":true,"href":"https:\/\/nvnoticias.mx\/index.php\/wp-json\/wp\/v2\/comments?post=189047"}],"version-history":[{"count":1,"href":"https:\/\/nvnoticias.mx\/index.php\/wp-json\/wp\/v2\/posts\/189047\/revisions"}],"predecessor-version":[{"id":189048,"href":"https:\/\/nvnoticias.mx\/index.php\/wp-json\/wp\/v2\/posts\/189047\/revisions\/189048"}],"wp:featuredmedia":[{"embeddable":true,"href":"https:\/\/nvnoticias.mx\/index.php\/wp-json\/wp\/v2\/media\/85490"}],"wp:attachment":[{"href":"https:\/\/nvnoticias.mx\/index.php\/wp-json\/wp\/v2\/media?parent=189047"}],"wp:term":[{"taxonomy":"category","embeddable":true,"href":"https:\/\/nvnoticias.mx\/index.php\/wp-json\/wp\/v2\/categories?post=189047"},{"taxonomy":"post_tag","embeddable":true,"href":"https:\/\/nvnoticias.mx\/index.php\/wp-json\/wp\/v2\/tags?post=189047"}],"curies":[{"name":"wp","href":"https:\/\/api.w.org\/{rel}","templated":true}]}}