{"id":188979,"date":"2025-07-29T12:49:00","date_gmt":"2025-07-29T18:49:00","guid":{"rendered":"https:\/\/nvnoticias.mx\/?p=188979"},"modified":"2025-07-29T12:49:04","modified_gmt":"2025-07-29T18:49:04","slug":"importante-presentar-en-congreso-panamericano-los-logros-de-la-4t-sheinbaum","status":"publish","type":"post","link":"https:\/\/nvnoticias.mx\/index.php\/2025\/07\/29\/importante-presentar-en-congreso-panamericano-los-logros-de-la-4t-sheinbaum\/","title":{"rendered":"Importante, presentar en Congreso Panamericano los logros de la 4T: Sheinbaum"},"content":{"rendered":"\n<p>Rumbo al segundo Congreso Panamericano, que ser\u00e1 organizado en la Ciudad de M\u00e9xico los primeros d\u00edas de agosto, y al cual acudir\u00e1n pensadores y legisladores de 12 pa\u00edses, la presidenta Claudia Sheinbaum Pardo destac\u00f3 que es importante que se conozca la Cuarta Transformaci\u00f3n en el mundo. \u201cEstoy convencida que el movimiento de la cuarta transformaci\u00f3n es quiz\u00e1 el movimiento m\u00e1s importante en el mundo de transformaci\u00f3n profunda\u201d, recalc\u00f3 la mandataria.&nbsp;<\/p>\n\n\n\n<p>Consultada sobre ese congreso en su conferencia de prensa matutina, en el que tambi\u00e9n participar\u00e1n integrantes del gobierno federal y de la Ciudad de M\u00e9xico, dijo que \u201ces muy importante generar debate nacional e internacional sobre las grandes alternativas de la humanidad. La situaci\u00f3n que estamos viviendo es un momento especial y de grandes cambios en el mundo y al mismo tiempo de reivindicaci\u00f3n de proyectos basados en el humanismo\u201d:&nbsp;<\/p>\n\n\n\n<p>Se pronunci\u00f3 porque se d\u00e9 a conocer \u201clo que es la Cuarta Transformaci\u00f3n, los logros; la visi\u00f3n; el pensamiento; qu\u00e9 le dio origen; de d\u00f3nde venimos; los movimientos sociales pol\u00edticos que le dieron cuerpo y forma a la transformaci\u00f3n; el protagonismo del pueblo de M\u00e9xico en esta transformaci\u00f3n, pues es muy importante que se conozca\u201d.<\/p>\n\n\n\n<p>Apunt\u00f3 que el pensamiento mexicano est\u00e1 basado en la historia, principios y valores del pa\u00eds, pero sustentado en el humanismo. \u201cNuestra visi\u00f3n siempre va a ser el impulso del humanismo frente a la avaricia, frente al odio, frente a la discriminaci\u00f3n, frente a la desigualdad; frente a todo ello, el humanismo\u201d, agreg\u00f3.<\/p>\n\n\n\n<p>Fuente: La <a href=\"https:\/\/www.jornada.com.mx\/noticia\/2025\/07\/29\/politica\/importante-presentar-en-congreso-panamericano-los-logros-de-la-4t-sheinbaum\">Jornada<\/a><\/p>\n","protected":false},"excerpt":{"rendered":"<p>Rumbo al segundo Congreso Panamericano, que ser\u00e1 organizado en la Ciudad de M\u00e9xico los primeros d\u00edas de agosto, y al cual acudir\u00e1n pensadores y legisladores de 12 pa\u00edses, la presidenta Claudia Sheinbaum Pardo destac\u00f3 que es importante que se conozca la Cuarta Transformaci\u00f3n en el mundo. \u201cEstoy convencida que el movimiento de la cuarta transformaci\u00f3n [&hellip;]<\/p>\n","protected":false},"author":35,"featured_media":188980,"comment_status":"open","ping_status":"open","sticky":false,"template":"","format":"standard","meta":{"_monsterinsights_skip_tracking":false,"_monsterinsights_sitenote_active":false,"_monsterinsights_sitenote_note":"","_monsterinsights_sitenote_category":0,"footnotes":""},"categories":[158],"tags":[1451,2801],"class_list":["post-188979","post","type-post","status-publish","format-standard","has-post-thumbnail","hentry","category-politica","tag-4t","tag-claudia-sheinbaum","wp-image-borders"],"amp_enabled":true,"_links":{"self":[{"href":"https:\/\/nvnoticias.mx\/index.php\/wp-json\/wp\/v2\/posts\/188979","targetHints":{"allow":["GET"]}}],"collection":[{"href":"https:\/\/nvnoticias.mx\/index.php\/wp-json\/wp\/v2\/posts"}],"about":[{"href":"https:\/\/nvnoticias.mx\/index.php\/wp-json\/wp\/v2\/types\/post"}],"author":[{"embeddable":true,"href":"https:\/\/nvnoticias.mx\/index.php\/wp-json\/wp\/v2\/users\/35"}],"replies":[{"embeddable":true,"href":"https:\/\/nvnoticias.mx\/index.php\/wp-json\/wp\/v2\/comments?post=188979"}],"version-history":[{"count":4,"href":"https:\/\/nvnoticias.mx\/index.php\/wp-json\/wp\/v2\/posts\/188979\/revisions"}],"predecessor-version":[{"id":188984,"href":"https:\/\/nvnoticias.mx\/index.php\/wp-json\/wp\/v2\/posts\/188979\/revisions\/188984"}],"wp:featuredmedia":[{"embeddable":true,"href":"https:\/\/nvnoticias.mx\/index.php\/wp-json\/wp\/v2\/media\/188980"}],"wp:attachment":[{"href":"https:\/\/nvnoticias.mx\/index.php\/wp-json\/wp\/v2\/media?parent=188979"}],"wp:term":[{"taxonomy":"category","embeddable":true,"href":"https:\/\/nvnoticias.mx\/index.php\/wp-json\/wp\/v2\/categories?post=188979"},{"taxonomy":"post_tag","embeddable":true,"href":"https:\/\/nvnoticias.mx\/index.php\/wp-json\/wp\/v2\/tags?post=188979"}],"curies":[{"name":"wp","href":"https:\/\/api.w.org\/{rel}","templated":true}]}}