{"id":18890,"date":"2021-07-19T09:06:30","date_gmt":"2021-07-19T14:06:30","guid":{"rendered":"https:\/\/nvnoticias.mx\/?p=18890"},"modified":"2021-07-19T09:06:32","modified_gmt":"2021-07-19T14:06:32","slug":"adultos-65-anos-podran-registrarse-para-recibir-pension","status":"publish","type":"post","link":"https:\/\/nvnoticias.mx\/index.php\/2021\/07\/19\/adultos-65-anos-podran-registrarse-para-recibir-pension\/","title":{"rendered":"Adultos mayores de 65 a\u00f1os podr\u00e1n registrarse para recibir pensi\u00f3n"},"content":{"rendered":"\n<p>El presidente de M\u00e9xico, Andr\u00e9s Manuel L\u00f3pez Obrador, este lunes de gira por el estado de Guerrero, reiter\u00f3 que se continuar\u00e1 apoyando de manera especial a Chiapas, Oaxaca y Guerrero, debido a que estas entidades son las de mayor pobreza y marginaci\u00f3n del pa\u00eds.<\/p>\n\n\n\n<p>La subsecretaria de Bienestar, Ariadna Montiel Reyes, inform\u00f3 que a la fecha, 8,002,427 personas son beneficiarias de la pensi\u00f3n a adultos mayores, lo que significa una inversi\u00f3n de enero a agosto de 2021 de mas de 91, 000 millones de pesos.<\/p>\n\n\n\n<p>Montiel Reyes explic\u00f3 que la incorporaci\u00f3n\u00a0de personas de 65 a\u00f1os va a ser por etapas, dando prioridad a los municipios m\u00e1s pobres del pa\u00eds; a partir del pr\u00f3ximo agosto 2\u00a0de agosto comenzar\u00e1 el registro del padr\u00f3n de beneficiarios.<\/p>\n\n\n\n<blockquote class=\"wp-block-quote is-layout-flow wp-block-quote-is-layout-flow\"><p>\u201cVamos a ir por etapas&#8230; se instalar\u00e1n m\u00f3dulos de registro en todo el pa\u00eds a trav\u00e9s de 5 etapas, que son 5 bimestres en el primer bimestre se incorporaran los municipios m\u00e1s pobres\u201d.<\/p><\/blockquote>\n\n\n\n<p>Fuente: Infobae<\/p>\n","protected":false},"excerpt":{"rendered":"<p>El presidente de M\u00e9xico, Andr\u00e9s Manuel L\u00f3pez Obrador, este lunes de gira por el estado de Guerrero, reiter\u00f3 que se continuar\u00e1 apoyando de manera especial a Chiapas, Oaxaca y Guerrero, debido a que estas entidades son las de mayor pobreza y marginaci\u00f3n del pa\u00eds. La subsecretaria de Bienestar, Ariadna Montiel Reyes, inform\u00f3 que a la [&hellip;]<\/p>\n","protected":false},"author":6,"featured_media":17989,"comment_status":"open","ping_status":"open","sticky":false,"template":"","format":"standard","meta":{"_monsterinsights_skip_tracking":false,"_monsterinsights_sitenote_active":false,"_monsterinsights_sitenote_note":"","_monsterinsights_sitenote_category":0,"footnotes":""},"categories":[157],"tags":[5108,1390,1503],"class_list":["post-18890","post","type-post","status-publish","format-standard","has-post-thumbnail","hentry","category-nacional","tag-65-anos","tag-adultos-mayores","tag-pension","wp-image-borders"],"amp_enabled":true,"_links":{"self":[{"href":"https:\/\/nvnoticias.mx\/index.php\/wp-json\/wp\/v2\/posts\/18890","targetHints":{"allow":["GET"]}}],"collection":[{"href":"https:\/\/nvnoticias.mx\/index.php\/wp-json\/wp\/v2\/posts"}],"about":[{"href":"https:\/\/nvnoticias.mx\/index.php\/wp-json\/wp\/v2\/types\/post"}],"author":[{"embeddable":true,"href":"https:\/\/nvnoticias.mx\/index.php\/wp-json\/wp\/v2\/users\/6"}],"replies":[{"embeddable":true,"href":"https:\/\/nvnoticias.mx\/index.php\/wp-json\/wp\/v2\/comments?post=18890"}],"version-history":[{"count":1,"href":"https:\/\/nvnoticias.mx\/index.php\/wp-json\/wp\/v2\/posts\/18890\/revisions"}],"predecessor-version":[{"id":18891,"href":"https:\/\/nvnoticias.mx\/index.php\/wp-json\/wp\/v2\/posts\/18890\/revisions\/18891"}],"wp:featuredmedia":[{"embeddable":true,"href":"https:\/\/nvnoticias.mx\/index.php\/wp-json\/wp\/v2\/media\/17989"}],"wp:attachment":[{"href":"https:\/\/nvnoticias.mx\/index.php\/wp-json\/wp\/v2\/media?parent=18890"}],"wp:term":[{"taxonomy":"category","embeddable":true,"href":"https:\/\/nvnoticias.mx\/index.php\/wp-json\/wp\/v2\/categories?post=18890"},{"taxonomy":"post_tag","embeddable":true,"href":"https:\/\/nvnoticias.mx\/index.php\/wp-json\/wp\/v2\/tags?post=18890"}],"curies":[{"name":"wp","href":"https:\/\/api.w.org\/{rel}","templated":true}]}}