{"id":188822,"date":"2025-07-28T14:44:40","date_gmt":"2025-07-28T20:44:40","guid":{"rendered":"https:\/\/nvnoticias.mx\/?p=188822"},"modified":"2025-07-28T14:44:44","modified_gmt":"2025-07-28T20:44:44","slug":"califica-eu-de-maniobra-publicitaria-conferencia-de-onu-sobre-creacion-de-estado-palestino","status":"publish","type":"post","link":"https:\/\/nvnoticias.mx\/index.php\/2025\/07\/28\/califica-eu-de-maniobra-publicitaria-conferencia-de-onu-sobre-creacion-de-estado-palestino\/","title":{"rendered":"Califica EU de &#8220;maniobra publicitaria&#8221; conferencia de ONU sobre creaci\u00f3n de Estado palestino"},"content":{"rendered":"\n<p>Estados Unidos calific\u00f3 este lunes de &#8220;maniobra publicitaria improductiva e inoportuna &#8221; una conferencia de la ONU en Nueva York, patrocinada por Francia y Arabia Saudita para promover \u201cla soluci\u00f3n de dos Estados\u201d con el fin de resolver el conflicto entre israel\u00edes y palestinos.<\/p>\n\n\n\n<p>\u201cSe trata de una maniobra publicitaria que\u2026lejos de promover la paz, la conferencia prolongar\u00e1 la guerra, envalentonar\u00e1 a Hamas, recompensar\u00e1 su obstrucci\u00f3n y socavar\u00e1 los esfuerzos reales por lograr la paz\u201d.<\/p>\n\n\n\n<p>El comunicado reiter\u00f3 que Estados Unidos no participar\u00e1 en \u201ceste insulto\u201d y que seguir\u00e1 liderando esfuerzos concretos para poner fin a los combates y lograr una paz permanente, \u201cnuestro enfoque sigue siendo la diplomacia seria, no conferencias orquestadas y dise\u00f1adas para aparentar relevancia\u201d.<\/p>\n\n\n\n<p>La postura de Washington respecto a que Hamas acogi\u00f3 con satisfacci\u00f3n el anuncio del presidente frances Emanuel Macron sobre el reconocimiento de un Estado palestino fue la siguente:<\/p>\n\n\n\n<p>\u201cesto refleja un patr\u00f3n de gestos contraproducentes que solo envalentona a Hamas, alienta su obstrucci\u00f3n del alto el fuego y debilita considerablemente nuestros esfuerzos diplom\u00e1ticos para poner fin al sufrimiento en Gaza, liberar a los rehenes y encaminar a todo Oriente Medio hacia un futuro m\u00e1s brillante y pr\u00f3spero\u201d.<\/p>\n\n\n\n<p>Fuente: La <a href=\"https:\/\/www.jornada.com.mx\/noticia\/2025\/07\/28\/mundo\/califica-eu-de-maniobra-publicitaria-conferencia-de-onu-sobre-creacion-de-estado-palestino\">Jornada<\/a><\/p>\n","protected":false},"excerpt":{"rendered":"<p>Estados Unidos calific\u00f3 este lunes de &#8220;maniobra publicitaria improductiva e inoportuna &#8221; una conferencia de la ONU en Nueva York, patrocinada por Francia y Arabia Saudita para promover \u201cla soluci\u00f3n de dos Estados\u201d con el fin de resolver el conflicto entre israel\u00edes y palestinos. \u201cSe trata de una maniobra publicitaria que\u2026lejos de promover la paz, [&hellip;]<\/p>\n","protected":false},"author":35,"featured_media":188824,"comment_status":"open","ping_status":"open","sticky":false,"template":"","format":"standard","meta":{"_monsterinsights_skip_tracking":false,"_monsterinsights_sitenote_active":false,"_monsterinsights_sitenote_note":"","_monsterinsights_sitenote_category":0,"footnotes":""},"categories":[181],"tags":[183,513,11061],"class_list":["post-188822","post","type-post","status-publish","format-standard","has-post-thumbnail","hentry","category-internacional","tag-estados-unidos","tag-onu","tag-palestina","wp-image-borders"],"amp_enabled":true,"_links":{"self":[{"href":"https:\/\/nvnoticias.mx\/index.php\/wp-json\/wp\/v2\/posts\/188822","targetHints":{"allow":["GET"]}}],"collection":[{"href":"https:\/\/nvnoticias.mx\/index.php\/wp-json\/wp\/v2\/posts"}],"about":[{"href":"https:\/\/nvnoticias.mx\/index.php\/wp-json\/wp\/v2\/types\/post"}],"author":[{"embeddable":true,"href":"https:\/\/nvnoticias.mx\/index.php\/wp-json\/wp\/v2\/users\/35"}],"replies":[{"embeddable":true,"href":"https:\/\/nvnoticias.mx\/index.php\/wp-json\/wp\/v2\/comments?post=188822"}],"version-history":[{"count":4,"href":"https:\/\/nvnoticias.mx\/index.php\/wp-json\/wp\/v2\/posts\/188822\/revisions"}],"predecessor-version":[{"id":188827,"href":"https:\/\/nvnoticias.mx\/index.php\/wp-json\/wp\/v2\/posts\/188822\/revisions\/188827"}],"wp:featuredmedia":[{"embeddable":true,"href":"https:\/\/nvnoticias.mx\/index.php\/wp-json\/wp\/v2\/media\/188824"}],"wp:attachment":[{"href":"https:\/\/nvnoticias.mx\/index.php\/wp-json\/wp\/v2\/media?parent=188822"}],"wp:term":[{"taxonomy":"category","embeddable":true,"href":"https:\/\/nvnoticias.mx\/index.php\/wp-json\/wp\/v2\/categories?post=188822"},{"taxonomy":"post_tag","embeddable":true,"href":"https:\/\/nvnoticias.mx\/index.php\/wp-json\/wp\/v2\/tags?post=188822"}],"curies":[{"name":"wp","href":"https:\/\/api.w.org\/{rel}","templated":true}]}}