{"id":188768,"date":"2025-07-28T09:20:03","date_gmt":"2025-07-28T15:20:03","guid":{"rendered":"https:\/\/nvnoticias.mx\/?p=188768"},"modified":"2025-07-28T09:20:09","modified_gmt":"2025-07-28T15:20:09","slug":"dia-internacional-contra-la-trata-de-personas-un-llamado-a-la-accion-global","status":"publish","type":"post","link":"https:\/\/nvnoticias.mx\/index.php\/2025\/07\/28\/dia-internacional-contra-la-trata-de-personas-un-llamado-a-la-accion-global\/","title":{"rendered":"D\u00eda Internacional contra la Trata de Personas: Un llamado a la Acci\u00f3n Global"},"content":{"rendered":"\n<figure class=\"wp-block-pullquote\"><blockquote><p>Alguien como t\u00fa<br><strong>Gladys P\u00e9rez Maldonado<\/strong><\/p><\/blockquote><\/figure>\n\n\n\n<p>El 30 de julio, declarado por la Asamblea General de las Naciones Unidas como el D\u00eda Internacional contra la Trata de Personas, ofrece una oportunidad crucial para reflexionar sobre la gravedad de este fen\u00f3meno global. En M\u00e9xico, la trata de personas representa una de las violaciones m\u00e1s severas a los derechos humanos, afectando de manera desproporcionada a mujeres, ni\u00f1as, ni\u00f1os y comunidades vulnerables.<\/p>\n\n\n\n<p>En esta ocasi\u00f3n abordamos el problema desde un enfoque jur\u00eddico y estad\u00edstico, analizando el marco legal nacional e internacional, los retos institucionales y los datos emp\u00edricos que evidencian la magnitud del problema. El objetivo es generar conciencia y proponer estrategias para fortalecer la prevenci\u00f3n, sanci\u00f3n y erradicaci\u00f3n de este delito en el contexto mexicano.<\/p>\n\n\n\n<p>La trata de personas constituye una forma moderna de esclavitud y una de las industrias criminales m\u00e1s lucrativas del mundo, superada solo por el tr\u00e1fico de drogas y armas. Seg\u00fan la Organizaci\u00f3n Internacional del Trabajo (OIT, 2022), m\u00e1s de 50 millones de personas en el mundo son v\u00edctimas de trabajo forzoso y explotaci\u00f3n sexual. El caso de M\u00e9xico es especialmente preocupante debido a su posici\u00f3n geogr\u00e1fica como pa\u00eds de origen, tr\u00e1nsito y destino de v\u00edctimas.<\/p>\n\n\n\n<p>El D\u00eda Internacional contra la Trata de Personas, establecido en 2013 mediante la Resoluci\u00f3n A\/RES\/68\/192 de la Asamblea General de las Naciones Unidas, busca visibilizar esta problem\u00e1tica y promover acciones coordinadas entre gobiernos, sociedad civil y organismos internacionales (ONU, 2013). En este contexto, resulta fundamental analizar la situaci\u00f3n en M\u00e9xico desde un enfoque jur\u00eddico y estad\u00edstico, que permita evaluar la eficacia del marco legal, identificar vac\u00edos institucionales y proponer soluciones con base en evidencia.<\/p>\n\n\n\n<p>M\u00e9xico es Estado parte del <em>Protocolo para Prevenir, Reprimir y Sancionar la Trata de Personas, Especialmente Mujeres y Ni\u00f1os<\/em> (2000), mejor conocido como Protocolo de Palermo, el cual define la trata de personas como \u201cla captaci\u00f3n, el transporte, el traslado, la acogida o la recepci\u00f3n de personas, recurriendo a la amenaza o al uso de la fuerza u otras formas de coacci\u00f3n, con fines de explotaci\u00f3n\u201d (ONU, 2000).<\/p>\n\n\n\n<p>Este instrumento internacional obliga a los Estados a prevenir la trata, proteger a las v\u00edctimas y sancionar a los responsables, principios incorporados en el marco normativo mexicano.<\/p>\n\n\n\n<p>En cumplimiento de sus obligaciones internacionales, M\u00e9xico promulg\u00f3 la Ley General para Prevenir, Sancionar y Erradicar los Delitos en Materia de Trata de Personas (DOF, 2012), que reconoce once modalidades del delito, incluyendo explotaci\u00f3n sexual, trabajos forzados, esclavitud, tr\u00e1fico de \u00f3rganos, entre otros.<\/p>\n\n\n\n<p>La ley tambi\u00e9n contempla derechos para las v\u00edctimas, como la atenci\u00f3n m\u00e9dica, psicol\u00f3gica, jur\u00eddica, la protecci\u00f3n y la reparaci\u00f3n integral del da\u00f1o. No obstante, la Comisi\u00f3n Nacional de los Derechos Humanos (CNDH, 2021) ha se\u00f1alado que su aplicaci\u00f3n enfrenta importantes obst\u00e1culos: falta de armonizaci\u00f3n legislativa entre entidades federativas, recursos limitados y deficiencias en la capacitaci\u00f3n del personal.<\/p>\n\n\n\n<p>Uno de los mayores retos en el combate a la trata en M\u00e9xico es el subregistro. Entre 2015 y 2020, se iniciaron solo 1,750 carpetas de investigaci\u00f3n por este delito a nivel nacional (CNDH, 2021). Esta cifra contrasta con las estimaciones de organizaciones de la sociedad civil, como la Comisi\u00f3n Unidos Contra la Trata (2023), que advierten que podr\u00edan existir m\u00e1s de 800,000 v\u00edctimas invisibles en todo el pa\u00eds.<\/p>\n\n\n\n<p>Este fen\u00f3meno se explica por factores como el miedo de las v\u00edctimas a denunciar, la revictimizaci\u00f3n por parte de las autoridades, la corrupci\u00f3n y la infiltraci\u00f3n del crimen organizado en redes de trata.<\/p>\n\n\n\n<p>Seg\u00fan la Oficina de las Naciones Unidas contra la Droga y el Delito (UNODC, 2022), en Am\u00e9rica Latina el 65% de las v\u00edctimas detectadas son mujeres y ni\u00f1as, y m\u00e1s del 50% son explotadas sexualmente. En M\u00e9xico, la CNDH reporta que entre 2015 y 2021, el 85% de las v\u00edctimas identificadas eran mujeres, y casi la mitad eran menores de edad.<\/p>\n\n\n\n<p>A ello se suma la discriminaci\u00f3n estructural, muchas v\u00edctimas provienen de comunidades ind\u00edgenas, rurales o en situaci\u00f3n de pobreza extrema, lo que incrementa su vulnerabilidad y limita su acceso a la justicia.<\/p>\n\n\n\n<p>A pesar del marco normativo, en M\u00e9xico existe una fragmentaci\u00f3n institucional que dificulta la persecuci\u00f3n del delito. Muchas entidades federativas no han armonizado su legislaci\u00f3n local con la ley general, y la mayor\u00eda no cuenta con fiscal\u00edas especializadas ni refugios adecuados, (CNDH, 2021).<\/p>\n\n\n\n<p>Adem\u00e1s, persiste una falta de capacitaci\u00f3n especializada para quienes integran los sistemas de procuraci\u00f3n e impartici\u00f3n de justicia. Las v\u00edctimas son con frecuencia criminalizadas o ignoradas, lo cual agrava su situaci\u00f3n. Seg\u00fan la OIT (2022), la falta de enfoque de g\u00e9nero e interseccionalidad limita la identificaci\u00f3n de v\u00edctimas y el acceso a medidas efectivas de protecci\u00f3n y reparaci\u00f3n.<\/p>\n\n\n\n<p>Desde este espacio proponemos algunas estrategias para lograr una respuesta efectiva en aras de combatir y erradicar la trata de personas, como: 1. Fortalecimiento institucional: Asignar presupuesto y personal a fiscal\u00edas especializadas y garantizar refugios en cada entidad. 2. Capacitaci\u00f3n especializada: Formaci\u00f3n continua en derechos humanos, g\u00e9nero, infancia e interculturalidad para operadores de justicia. 3. Campa\u00f1as de prevenci\u00f3n: Implementar campa\u00f1as educativas permanentes enfocadas en sectores vulnerables, especialmente mujeres, ni\u00f1as y migrantes. 4. Coordinaci\u00f3n multinivel: Establecer mecanismos de cooperaci\u00f3n efectiva entre niveles de gobierno y con organismos internacionales. 5. Atenci\u00f3n integral a v\u00edctimas: Asegurar su acceso a justicia, salud, educaci\u00f3n, vivienda y empleo.<\/p>\n\n\n\n<p>El D\u00eda Internacional contra la Trata de Personas debe ser m\u00e1s que un recordatorio simb\u00f3lico, es un llamado urgente a la acci\u00f3n estatal, judicial y social. En M\u00e9xico, este delito se perpet\u00faa bajo un contexto de impunidad, corrupci\u00f3n y violencia estructural. Si bien existen avances legislativos, estos no se han traducido en una protecci\u00f3n efectiva de los derechos humanos.<\/p>\n\n\n\n<p>Erradicar la trata de personas requiere de una respuesta integral y articulada. Solo as\u00ed ser\u00e1 posible cumplir con los compromisos internacionales, pero sobre todo con la deuda hist\u00f3rica hacia miles de personas que han sido despojadas de su libertad y dignidad\u2026<\/p>\n\n\n\n<p><\/p>\n","protected":false},"excerpt":{"rendered":"<p>Alguien como t\u00faGladys P\u00e9rez Maldonado El 30 de julio, declarado por la Asamblea General de las Naciones Unidas como el D\u00eda Internacional contra la Trata de Personas, ofrece una oportunidad crucial para reflexionar sobre la gravedad de este fen\u00f3meno global. En M\u00e9xico, la trata de personas representa una de las violaciones m\u00e1s severas a los [&hellip;]<\/p>\n","protected":false},"author":45,"featured_media":188769,"comment_status":"open","ping_status":"open","sticky":false,"template":"","format":"standard","meta":{"_monsterinsights_skip_tracking":false,"_monsterinsights_sitenote_active":false,"_monsterinsights_sitenote_note":"","_monsterinsights_sitenote_category":0,"footnotes":""},"categories":[15405],"tags":[15415],"class_list":["post-188768","post","type-post","status-publish","format-standard","has-post-thumbnail","hentry","category-alguien-como-tu","tag-gladys-perez-maldonado","wp-image-borders"],"amp_enabled":true,"_links":{"self":[{"href":"https:\/\/nvnoticias.mx\/index.php\/wp-json\/wp\/v2\/posts\/188768","targetHints":{"allow":["GET"]}}],"collection":[{"href":"https:\/\/nvnoticias.mx\/index.php\/wp-json\/wp\/v2\/posts"}],"about":[{"href":"https:\/\/nvnoticias.mx\/index.php\/wp-json\/wp\/v2\/types\/post"}],"author":[{"embeddable":true,"href":"https:\/\/nvnoticias.mx\/index.php\/wp-json\/wp\/v2\/users\/45"}],"replies":[{"embeddable":true,"href":"https:\/\/nvnoticias.mx\/index.php\/wp-json\/wp\/v2\/comments?post=188768"}],"version-history":[{"count":1,"href":"https:\/\/nvnoticias.mx\/index.php\/wp-json\/wp\/v2\/posts\/188768\/revisions"}],"predecessor-version":[{"id":188770,"href":"https:\/\/nvnoticias.mx\/index.php\/wp-json\/wp\/v2\/posts\/188768\/revisions\/188770"}],"wp:featuredmedia":[{"embeddable":true,"href":"https:\/\/nvnoticias.mx\/index.php\/wp-json\/wp\/v2\/media\/188769"}],"wp:attachment":[{"href":"https:\/\/nvnoticias.mx\/index.php\/wp-json\/wp\/v2\/media?parent=188768"}],"wp:term":[{"taxonomy":"category","embeddable":true,"href":"https:\/\/nvnoticias.mx\/index.php\/wp-json\/wp\/v2\/categories?post=188768"},{"taxonomy":"post_tag","embeddable":true,"href":"https:\/\/nvnoticias.mx\/index.php\/wp-json\/wp\/v2\/tags?post=188768"}],"curies":[{"name":"wp","href":"https:\/\/api.w.org\/{rel}","templated":true}]}}