{"id":188578,"date":"2025-07-24T10:17:11","date_gmt":"2025-07-24T16:17:11","guid":{"rendered":"https:\/\/nvnoticias.mx\/?p=188578"},"modified":"2025-07-24T10:17:14","modified_gmt":"2025-07-24T16:17:14","slug":"multan-a-chicharito-por-comentarios-misoginos","status":"publish","type":"post","link":"https:\/\/nvnoticias.mx\/index.php\/2025\/07\/24\/multan-a-chicharito-por-comentarios-misoginos\/","title":{"rendered":"Multan a &#8216;Chicharito&#8217; por comentarios mis\u00f3ginos"},"content":{"rendered":"\n<p>Las declaraciones que hizo el ex seleccionado nacional Javier&nbsp;<em>Chicharito<\/em>&nbsp;Hern\u00e1ndez en redes sociales sobre las mujeres son muy machista, asegur\u00f3 ayer la presidenta Claudia Sheinbaum Pardo.<\/p>\n\n\n\n<p>\u201cEs muy buen futbolista el&nbsp;<em>Chicharito<\/em>, pero respecto a las muje-res tiene mucho que aprender\u201d, resalt\u00f3 la mandataria en conferencia de prensa.<\/p>\n\n\n\n<p>A trav\u00e9s de video, el delantero de las Chivas inst\u00f3 a las mujeres a ser lideradas por un hombre; las acus\u00f3 de erradicar la masculinidad y les pidi\u00f3 que encarnen su energ\u00eda femenina cuidando, nutriendo, recibiendo, multiplicando, limpiando, sosteniendo el hogar, que es el lugar m\u00e1s preciado para nosotros los hombres.<\/p>\n\n\n\n<p>Aquella idea de que nuestro papel es estar en la casa es muy machista, resalt\u00f3 Sheinbaum. Las mujeres, a\u00f1adi\u00f3, podemos ser lo que queramos.<\/p>\n\n\n\n<p>\u201cNo es por polemizar con el&nbsp;<em>Chicharito<\/em>, porque es un gran futbolista y ha representado a M\u00e9xico en distintos momentos, pero s\u00ed es importante que todos los hombres de nuestro pa\u00eds reconozcan a las mujeres como personas\u201d, manifest\u00f3 la titular del Ejecutivo federal.<\/p>\n\n\n\n<p>Record\u00f3 al futbolista que la igualdad sustantiva est\u00e1 a nivel constitucional y hay igualdad para el acceso a todos los derechos.<\/p>\n\n\n\n<p>Claro que amamos a nuestras familias y nos gusta estar con nuestros hijos, nuestros maridos; sin embargo, las mujeres tenemos todo para poder desarrollarnos, pero tambi\u00e9n tienen que desarrollarse las condiciones para poder hacerlo, indic\u00f3.<\/p>\n\n\n\n<p>Cit\u00f3 a la activistas estaduniden-se Angela Davis, quien sostuvo que ser feminista significa reconocer a las mujeres como personas; algo tan profundo y tan sencillo.<\/p>\n\n\n\n<p>Sheinbaum record\u00f3 que cuando lleg\u00f3 al gobierno federal, un c\u00f3mi-co \u2013Rafael Incl\u00e1n\u2013 dijo que lleg\u00f3 una ama de casa a la Presidencia, como si una mujer que se dedica al hogar fuera menos.<\/p>\n\n\n\n<p>Siempre digo: soy mam\u00e1, abuela, ama de casa y soy comandanta Suprema de las Fuerzas Armadas.<\/p>\n\n\n\n<p>La Secretar\u00eda de las Mujeres, encabezada por Citlalli Hern\u00e1ndez Mora, tambi\u00e9n se\u00f1al\u00f3 que el mensaje que emiti\u00f3&nbsp;<em>Chicharito<\/em>&nbsp;en sus redes sociales es sexista, machis-ta y mis\u00f3gino.<\/p>\n\n\n\n<p>El organismo difiere de los comentarios del futbolista Javier Hern\u00e1ndez que se\u00f1alan que la feminidad radica en cumplir con una subordinaci\u00f3n y que la masculinidad se fortalece en tanto la mujer cumpla un rol de ama de casa y llam\u00f3 a la reflexi\u00f3n, discusi\u00f3n colectiva y a la acci\u00f3n en todos los \u00e1mbitos.<\/p>\n\n\n\n<p>Subray\u00f3 que cuando se habla de combatir la desigualdad entre hombres y mujeres el reto mayor es derribar creencias culturales que han instaurado la falsa idea de que hay condiciones naturales de hombres y de mujeres, asignando roles espec\u00edficos para ambos y la err\u00f3nea idea de que las mujeres s\u00f3lo deben estar en el hogar.<\/p>\n\n\n\n<p>M\u00e1s tarde, tambi\u00e9n lleg\u00f3 una respuesta por parte de la Federaci\u00f3n Mexicana de Futbol al indicar que la Comisi\u00f3n de G\u00e9nero y Diversidad determin\u00f3 imponerle al jugador una multa econ\u00f3mica, as\u00ed como un apercibimiento en el sentido de que se tomar\u00e1n medidas m\u00e1s severas en caso de reincidencia.<\/p>\n\n\n\n<p>\u201c<em>Chicharito&nbsp;<\/em>Hern\u00e1ndez emiti\u00f3 declaraciones que promueven estereotipos sexistas que son considerados violencia medi\u00e1tica y que van en contra de la igualdad de g\u00e9nero en el deporte\u201d, apunt\u00f3 el organismo.<\/p>\n\n\n\n<p>Tanto Chivas como una mar-ca de ropa deportiva patrocinadora de Hern\u00e1ndez condenaron los hechos al se\u00f1alar que no representan la ideolog\u00eda de estas empresas.<\/p>\n\n\n\n<p>Fuente: La <a href=\"https:\/\/www.jornada.com.mx\/noticia\/2025\/07\/24\/deportes\/multan-a-chicharito-por-comentarios-misoginos\">Jornada<\/a> <\/p>\n","protected":false},"excerpt":{"rendered":"<p>Las declaraciones que hizo el ex seleccionado nacional Javier&nbsp;Chicharito&nbsp;Hern\u00e1ndez en redes sociales sobre las mujeres son muy machista, asegur\u00f3 ayer la presidenta Claudia Sheinbaum Pardo. \u201cEs muy buen futbolista el&nbsp;Chicharito, pero respecto a las muje-res tiene mucho que aprender\u201d, resalt\u00f3 la mandataria en conferencia de prensa. A trav\u00e9s de video, el delantero de las Chivas [&hellip;]<\/p>\n","protected":false},"author":35,"featured_media":188580,"comment_status":"open","ping_status":"open","sticky":false,"template":"","format":"standard","meta":{"_monsterinsights_skip_tracking":false,"_monsterinsights_sitenote_active":false,"_monsterinsights_sitenote_note":"","_monsterinsights_sitenote_category":0,"footnotes":""},"categories":[159],"tags":[4511],"class_list":["post-188578","post","type-post","status-publish","format-standard","has-post-thumbnail","hentry","category-deportes","tag-chicharito","wp-image-borders"],"amp_enabled":true,"_links":{"self":[{"href":"https:\/\/nvnoticias.mx\/index.php\/wp-json\/wp\/v2\/posts\/188578","targetHints":{"allow":["GET"]}}],"collection":[{"href":"https:\/\/nvnoticias.mx\/index.php\/wp-json\/wp\/v2\/posts"}],"about":[{"href":"https:\/\/nvnoticias.mx\/index.php\/wp-json\/wp\/v2\/types\/post"}],"author":[{"embeddable":true,"href":"https:\/\/nvnoticias.mx\/index.php\/wp-json\/wp\/v2\/users\/35"}],"replies":[{"embeddable":true,"href":"https:\/\/nvnoticias.mx\/index.php\/wp-json\/wp\/v2\/comments?post=188578"}],"version-history":[{"count":3,"href":"https:\/\/nvnoticias.mx\/index.php\/wp-json\/wp\/v2\/posts\/188578\/revisions"}],"predecessor-version":[{"id":188582,"href":"https:\/\/nvnoticias.mx\/index.php\/wp-json\/wp\/v2\/posts\/188578\/revisions\/188582"}],"wp:featuredmedia":[{"embeddable":true,"href":"https:\/\/nvnoticias.mx\/index.php\/wp-json\/wp\/v2\/media\/188580"}],"wp:attachment":[{"href":"https:\/\/nvnoticias.mx\/index.php\/wp-json\/wp\/v2\/media?parent=188578"}],"wp:term":[{"taxonomy":"category","embeddable":true,"href":"https:\/\/nvnoticias.mx\/index.php\/wp-json\/wp\/v2\/categories?post=188578"},{"taxonomy":"post_tag","embeddable":true,"href":"https:\/\/nvnoticias.mx\/index.php\/wp-json\/wp\/v2\/tags?post=188578"}],"curies":[{"name":"wp","href":"https:\/\/api.w.org\/{rel}","templated":true}]}}