{"id":188476,"date":"2025-07-14T08:36:26","date_gmt":"2025-07-14T14:36:26","guid":{"rendered":"https:\/\/nvnoticias.mx\/?p=188476"},"modified":"2025-07-14T08:36:28","modified_gmt":"2025-07-14T14:36:28","slug":"la-pension-compensatoria-una-herramienta-de-equidad-economica","status":"publish","type":"post","link":"https:\/\/nvnoticias.mx\/index.php\/2025\/07\/14\/la-pension-compensatoria-una-herramienta-de-equidad-economica\/","title":{"rendered":"La pensi\u00f3n compensatoria: una herramienta de equidad econ\u00f3mica"},"content":{"rendered":"\n<p><\/p>\n\n\n\n<p><\/p>\n\n\n\n<figure class=\"wp-block-pullquote\"><blockquote><p>Alguien como t\u00fa<br><strong>Gladys P\u00e9rez Maldonado<\/strong><\/p><\/blockquote><\/figure>\n\n\n\n<p>M\u00e9xico es Estado Parte de los principales instrumentos internacionales que protegen los derechos de las mujeres como la Convenci\u00f3n Interamericana para Prevenir, Sancionar y Erradicar la Violencia contra la Mujer \u201cBelem Do Par\u00e1, ratificada en 1998, La Convenci\u00f3n sobre la Eliminaci\u00f3n de todas las formas de discriminaci\u00f3n contra la mujer (CEDAW) ratificada en 1981, los cuales han marcado la pauta para la elaboraci\u00f3n de las pol\u00edticas p\u00fablicas nacionales en materia de igualdad entre mujeres y hombres, as\u00ed como la implementaci\u00f3n de diversas leyes que integran el marco jur\u00eddico para enfrentar el fen\u00f3meno de la discriminaci\u00f3n y la violencia de g\u00e9nero.<\/p>\n\n\n\n<p>En materia de derecho familiar, gracias al trabajo incansable de los colectivos de mujeres a favor de los derechos de las mujeres y de la empat\u00eda pol\u00edtica de los actores legislativos, en 10 de junio de 2020, en Veracruz fue publicada en la Gaceta Oficial del Estado la reforma al C\u00f3digo Civil veracruzano, en la que se introdujo la pensi\u00f3n resarcitoria o compensatoria.<\/p>\n\n\n\n<p>La pensi\u00f3n compensatoria se concede al c\u00f3nyuge perjudicado econ\u00f3micamente por la separaci\u00f3n o divorcio, mientras que la pensi\u00f3n por alimentos se refiere a todo lo que es indispensable para el sustento propiamente dicho como comida, alojamiento, vestido, asistencia m\u00e9dica y la educativa.<\/p>\n\n\n\n<p>La pensi\u00f3n compensatoria se otorga a petici\u00f3n de una de las partes, normalmente la mujer, por ser la que tradicionalmente se encarga del cuidado del hogar, los hijos y desatiende su desarrollo econ\u00f3mico.<\/p>\n\n\n\n<p>La pensi\u00f3n compensatoria puede otorgarse con car\u00e1cter asistencial o resarcitorio, esta \u00faltima se deriva de un desequilibrio econ\u00f3mico que se presenta entre los c\u00f3nyuges al momento de la disoluci\u00f3n del v\u00ednculo matrimonial o del concubinato.<\/p>\n\n\n\n<p>La cuesti\u00f3n de la pensi\u00f3n compensatoria es un tema muy reciente, en donde la autoridad jurisdiccional tiene la obligaci\u00f3n de garantizar, <strong>el derecho a la igualdad,<\/strong> el derecho que tiene la persona que se qued\u00f3 en el hogar a que se le compense de todo lo que no recibi\u00f3 durante el matrimonio o la uni\u00f3n libre, por quedarse al cuidado de las y los hijos y del hogar.<\/p>\n\n\n\n<p>El car\u00e1cter asistencial hace referencia a garantizar que la persona, en desventaja por el divorcio o la separaci\u00f3n, tenga no s\u00f3lo lo necesario para su existencia, sino tambi\u00e9n pueda mantener el nivel de vida a que estaba acostumbrada.<\/p>\n\n\n\n<p>El juez tiene obligaci\u00f3n de garantizar que el desequilibrio econ\u00f3mico desaparezca, obligando a que se garantice a la ex esposa o ex concubina que siga teniendo el mismo nivel econ\u00f3mico de vida.<\/p>\n\n\n\n<p>El car\u00e1cter resarcitorio es cuando la persona no tuvo la oportunidad de tener estudios porque todo el tiempo se qued\u00f3 al cuidado del hogar.<\/p>\n\n\n\n<p>En M\u00e9xico no existe una tasa fija para la pensi\u00f3n compensatoria, ya que cada caso se analiza de manera individual,<\/p>\n\n\n\n<p>Los jueces deben visibilizar el trabajo que por lo general las mujeres desarrollan en el hogar, pues se debe considerarse <strong>la doble jornada laboral <\/strong>de aquellas personas que aparte de cumplir una jornada laboral, tambi\u00e9n se hace cargo de labores dom\u00e9sticas y el cuidado del hogar.<\/p>\n\n\n\n<p>No se debe confundir estas dos instituciones de derecho, la pensi\u00f3n de alimentos y la pensi\u00f3n compensatoria, si bien podr\u00edan parecer semejantes, son de naturaleza distinta, la compensaci\u00f3n no es un sustituto del derecho de alimentos, adem\u00e1s el desequilibrio necesario para que surja el derecho a reclamar la pensi\u00f3n compensatoria debe existir en el momento de la ruptura matrimonial.<\/p>\n\n\n\n<p>La pensi\u00f3n compensatoria en sus modalidades asistencial y resarcitoria pueden coexistir, al tener elementos de convivencia aut\u00f3nomos, lo que tambi\u00e9n resulta importante porque una parte es para vivir y la otra para prepararse laboralmente.<\/p>\n\n\n\n<p>Su duraci\u00f3n termina en el momento que se estipul\u00f3 y en base a la edad de la ex c\u00f3nyuge al t\u00e9rmino del matrimonio o uni\u00f3n conyugal.<\/p>\n\n\n\n<p>&nbsp;&nbsp;&nbsp;&nbsp;&nbsp;&nbsp;&nbsp;&nbsp;&nbsp; Se extingue la obligaci\u00f3n de proporcionar pensi\u00f3n compensatoria, cuando la persona acreedora logra un equilibrio econ\u00f3mico o supere la necesidad de exigirla.<\/p>\n\n\n\n<p>&nbsp;&nbsp;&nbsp;&nbsp;&nbsp;&nbsp;&nbsp;&nbsp;&nbsp; Conforme con estas normas jur\u00eddicas, la pensi\u00f3n compensatoria es un deber asistencial y resarcitorio derivado del desequilibrio econ\u00f3mico al momento de decretarse la separaci\u00f3n familiar; procede en los casos en que esta separaci\u00f3n ponga al descubierto ya sea la existencia de p\u00e9rdidas econ\u00f3micas o de un costo de oportunidad; si bien no indica alguna f\u00f3rmula clara para determinar el monto de la pensi\u00f3n, establece algunos elementos a tomar en consideraci\u00f3n para su cuantificaci\u00f3n, debe durar el tiempo hasta que se logre el equilibrio econ\u00f3mico o se supere la necesidad de exigirla.<\/p>\n\n\n\n<p>&nbsp;&nbsp;&nbsp;&nbsp;&nbsp;&nbsp;&nbsp;&nbsp;&nbsp; El art\u00edculo 145, p\u00e1rrafo octavo, de la ley sustantiva civil concede la facultad al \u00f3rgano jurisdiccional para resolver sobre la compensaci\u00f3n de bienes, en los casos en que se haya celebrado matrimonio bajo el r\u00e9gimen de separaci\u00f3n de bienes, hasta por el 50% de los bienes.<\/p>\n\n\n\n<p>&nbsp;&nbsp;&nbsp;&nbsp;&nbsp;&nbsp;&nbsp;&nbsp;&nbsp; A partir de la reforma de 11 de junio de 2020, en materia econ\u00f3mica, la persona juzgadora se encuentra obligada a resolver sobre tres instituciones una vez decretada la separaci\u00f3n familiar: alimentos, pensi\u00f3n compensatoria y compensaci\u00f3n econ\u00f3mica que, no son excluyentes entre s\u00ed, sino que pueden resultar complementarias.<\/p>\n\n\n\n<p>&nbsp;&nbsp;&nbsp;&nbsp;&nbsp;&nbsp;&nbsp;&nbsp;&nbsp; La existencia de la pensi\u00f3n compensatoria es particularmente relevante en el contexto mexicano, donde el trabajo dom\u00e9stico no remunerado representa m\u00e1s del 26% del PIB y es realizado en su mayor\u00eda por mujeres (INEGI, 2023). Muchas mujeres interrumpen su carrera profesional por a\u00f1os para cuidar a sus hijos o apoyar la carrera profesional del esposo, y al momento del divorcio se enfrentan a una precariedad econ\u00f3mica sin patrimonio ni pensi\u00f3n.<\/p>\n\n\n\n<p>&nbsp;&nbsp;&nbsp;&nbsp;&nbsp;&nbsp;&nbsp;&nbsp;&nbsp; Reconocer este tipo de contribuciones invisibles mediante una pensi\u00f3n compensatoria es no solo un acto de justicia social, sino tambi\u00e9n una herramienta jur\u00eddica para cerrar brechas de g\u00e9nero, visibilizar el valor econ\u00f3mico del trabajo del hogar y fomentar un reparto m\u00e1s equitativo del patrimonio conyugal\u2026<\/p>\n","protected":false},"excerpt":{"rendered":"<p>Alguien como t\u00faGladys P\u00e9rez Maldonado M\u00e9xico es Estado Parte de los principales instrumentos internacionales que protegen los derechos de las mujeres como la Convenci\u00f3n Interamericana para Prevenir, Sancionar y Erradicar la Violencia contra la Mujer \u201cBelem Do Par\u00e1, ratificada en 1998, La Convenci\u00f3n sobre la Eliminaci\u00f3n de todas las formas de discriminaci\u00f3n contra la mujer [&hellip;]<\/p>\n","protected":false},"author":45,"featured_media":188477,"comment_status":"open","ping_status":"open","sticky":false,"template":"","format":"standard","meta":{"_monsterinsights_skip_tracking":false,"_monsterinsights_sitenote_active":false,"_monsterinsights_sitenote_note":"","_monsterinsights_sitenote_category":0,"footnotes":""},"categories":[15405],"tags":[15415],"class_list":["post-188476","post","type-post","status-publish","format-standard","has-post-thumbnail","hentry","category-alguien-como-tu","tag-gladys-perez-maldonado","wp-image-borders"],"amp_enabled":true,"_links":{"self":[{"href":"https:\/\/nvnoticias.mx\/index.php\/wp-json\/wp\/v2\/posts\/188476","targetHints":{"allow":["GET"]}}],"collection":[{"href":"https:\/\/nvnoticias.mx\/index.php\/wp-json\/wp\/v2\/posts"}],"about":[{"href":"https:\/\/nvnoticias.mx\/index.php\/wp-json\/wp\/v2\/types\/post"}],"author":[{"embeddable":true,"href":"https:\/\/nvnoticias.mx\/index.php\/wp-json\/wp\/v2\/users\/45"}],"replies":[{"embeddable":true,"href":"https:\/\/nvnoticias.mx\/index.php\/wp-json\/wp\/v2\/comments?post=188476"}],"version-history":[{"count":1,"href":"https:\/\/nvnoticias.mx\/index.php\/wp-json\/wp\/v2\/posts\/188476\/revisions"}],"predecessor-version":[{"id":188478,"href":"https:\/\/nvnoticias.mx\/index.php\/wp-json\/wp\/v2\/posts\/188476\/revisions\/188478"}],"wp:featuredmedia":[{"embeddable":true,"href":"https:\/\/nvnoticias.mx\/index.php\/wp-json\/wp\/v2\/media\/188477"}],"wp:attachment":[{"href":"https:\/\/nvnoticias.mx\/index.php\/wp-json\/wp\/v2\/media?parent=188476"}],"wp:term":[{"taxonomy":"category","embeddable":true,"href":"https:\/\/nvnoticias.mx\/index.php\/wp-json\/wp\/v2\/categories?post=188476"},{"taxonomy":"post_tag","embeddable":true,"href":"https:\/\/nvnoticias.mx\/index.php\/wp-json\/wp\/v2\/tags?post=188476"}],"curies":[{"name":"wp","href":"https:\/\/api.w.org\/{rel}","templated":true}]}}