{"id":187933,"date":"2025-07-08T12:04:01","date_gmt":"2025-07-08T18:04:01","guid":{"rendered":"https:\/\/nvnoticias.mx\/?p=187933"},"modified":"2025-07-08T12:04:03","modified_gmt":"2025-07-08T18:04:03","slug":"impone-trump-arancel-de-25-a-japon-y-corea","status":"publish","type":"post","link":"https:\/\/nvnoticias.mx\/index.php\/2025\/07\/08\/impone-trump-arancel-de-25-a-japon-y-corea\/","title":{"rendered":"Impone Trump arancel de 25% a Jap\u00f3n y Corea"},"content":{"rendered":"\n<p>Estados Unidos impuso ayer aranceles de 25 por ciento a los bienes importados de Jap\u00f3n y Corea del Sur, as\u00ed como nuevas tasas arancelarias a otra docena de naciones, medidas que entrar\u00edan en vigor el primero de agosto.<\/p>\n\n\n\n<p>El presidente estadunidense, Donald Trump, anunci\u00f3 las tarifas al publicar en su red Truth Social las cartas dirigidas a los l\u00edderes de diversos pa\u00edses. Las misivas advierten que en caso de que las naciones afectadas respondan, Estados Unidos elevar\u00e1 sus aranceles.<\/p>\n\n\n\n<p>Si por alguna raz\u00f3n deciden aumentar sus aranceles, entonces cualquier n\u00famero que elijan se sumar\u00e1 al 25 por ciento que cobramos, escribi\u00f3 Trump en las cartas al primer ministro japon\u00e9s, Shigeru Ishiba, y al presidente sudcoreano, Lee Jae-myung.<\/p>\n\n\n\n<p>Las cartas no son la \u00faltima palabra de Trump sobre los aranceles, sino otro episodio de un drama econ\u00f3mico global en cuyo centro se ha colocado el republicano.<\/p>\n\n\n\n<p>Las importaciones de Myanmar y Laos ser\u00edan gravadas con 40 por ciento; Camboya y Tailandia, 36; Serbia y Bangladesh, 35; Indonesia, 32; Sud\u00e1frica y Bosnia y Herzegovina, 30, y Kazajist\u00e1n, Malasia y T\u00fanez, con 25 por ciento.<\/p>\n\n\n\n<p>En sus cartas a los l\u00edderes extranjeros, Trump escribi\u00f3 la palabra s\u00f3lo antes de las tasas, como si quisiera implicar que estaba siendo generoso con los aranceles.<\/p>\n\n\n\n<p>Fuente: La <a href=\"https:\/\/www.jornada.com.mx\/noticia\/2025\/07\/08\/economia\/impone-trump-arancel-de-25-a-japon-y-corea\">Jornada<\/a> <\/p>\n\n\n\n<p><\/p>\n","protected":false},"excerpt":{"rendered":"<p>Estados Unidos impuso ayer aranceles de 25 por ciento a los bienes importados de Jap\u00f3n y Corea del Sur, as\u00ed como nuevas tasas arancelarias a otra docena de naciones, medidas que entrar\u00edan en vigor el primero de agosto. El presidente estadunidense, Donald Trump, anunci\u00f3 las tarifas al publicar en su red Truth Social las cartas [&hellip;]<\/p>\n","protected":false},"author":35,"featured_media":187934,"comment_status":"open","ping_status":"open","sticky":false,"template":"","format":"standard","meta":{"_monsterinsights_skip_tracking":false,"_monsterinsights_sitenote_active":false,"_monsterinsights_sitenote_note":"","_monsterinsights_sitenote_category":0,"footnotes":""},"categories":[181],"tags":[14569,16801,230,183,644],"class_list":["post-187933","post","type-post","status-publish","format-standard","has-post-thumbnail","hentry","category-internacional","tag-aranceles","tag-corea","tag-donald-trump","tag-estados-unidos","tag-japon","wp-image-borders"],"amp_enabled":true,"_links":{"self":[{"href":"https:\/\/nvnoticias.mx\/index.php\/wp-json\/wp\/v2\/posts\/187933","targetHints":{"allow":["GET"]}}],"collection":[{"href":"https:\/\/nvnoticias.mx\/index.php\/wp-json\/wp\/v2\/posts"}],"about":[{"href":"https:\/\/nvnoticias.mx\/index.php\/wp-json\/wp\/v2\/types\/post"}],"author":[{"embeddable":true,"href":"https:\/\/nvnoticias.mx\/index.php\/wp-json\/wp\/v2\/users\/35"}],"replies":[{"embeddable":true,"href":"https:\/\/nvnoticias.mx\/index.php\/wp-json\/wp\/v2\/comments?post=187933"}],"version-history":[{"count":4,"href":"https:\/\/nvnoticias.mx\/index.php\/wp-json\/wp\/v2\/posts\/187933\/revisions"}],"predecessor-version":[{"id":187938,"href":"https:\/\/nvnoticias.mx\/index.php\/wp-json\/wp\/v2\/posts\/187933\/revisions\/187938"}],"wp:featuredmedia":[{"embeddable":true,"href":"https:\/\/nvnoticias.mx\/index.php\/wp-json\/wp\/v2\/media\/187934"}],"wp:attachment":[{"href":"https:\/\/nvnoticias.mx\/index.php\/wp-json\/wp\/v2\/media?parent=187933"}],"wp:term":[{"taxonomy":"category","embeddable":true,"href":"https:\/\/nvnoticias.mx\/index.php\/wp-json\/wp\/v2\/categories?post=187933"},{"taxonomy":"post_tag","embeddable":true,"href":"https:\/\/nvnoticias.mx\/index.php\/wp-json\/wp\/v2\/tags?post=187933"}],"curies":[{"name":"wp","href":"https:\/\/api.w.org\/{rel}","templated":true}]}}