{"id":187554,"date":"2025-07-04T09:47:55","date_gmt":"2025-07-04T15:47:55","guid":{"rendered":"https:\/\/nvnoticias.mx\/?p=187554"},"modified":"2025-07-04T09:47:57","modified_gmt":"2025-07-04T15:47:57","slug":"busca-sader-evitar-aplicacion-de-cuota-compensatoria-al-jitomate-nacional","status":"publish","type":"post","link":"https:\/\/nvnoticias.mx\/index.php\/2025\/07\/04\/busca-sader-evitar-aplicacion-de-cuota-compensatoria-al-jitomate-nacional\/","title":{"rendered":"Busca Sader evitar aplicaci\u00f3n de cuota compensatoria al jitomate nacional"},"content":{"rendered":"\n<p>El secretario de Agricultura y Desarrollo Rural (Sader), Julio Berdegu\u00e9, se reuni\u00f3 este jueves en Washington con autoridades y organizaciones productoras estadunidenses para abordar el acuerdo que suspende la investigaci\u00f3n antidumping a la exportaci\u00f3n del jitomate mexicano y evitar la aplicaci\u00f3n de una cuota compensatoria de 21.91 por ciento a partir del 14 de julio.<\/p>\n\n\n\n<p>Berdegu\u00e9, junto con el subsecretario de Comercio Exterior, Luis Rosendo Guti\u00e9rrez Romano, abordaron el caso con funcionarios del Departamento de Comercio, tras retirarse el pasado 15 de abril de este acuerdo, el cual se negocia cada cinco a\u00f1os desde 1996 y evita una investigaci\u00f3n por dumping. Durante esta jornada, el secretario confirm\u00f3 en redes sociales que tambi\u00e9n sostuvo un encuentro con la Asociaci\u00f3n Internacional de Productos Frescos.<\/p>\n\n\n\n<p>La Secretar\u00eda de Econom\u00eda coment\u00f3 en la red social X que el objetivo es proteger a productores en ambos pa\u00edses y al campo mexicano, as\u00ed como sentar bases para un comercio eficiente que beneficie a millones de consumidores. Por ello, agreg\u00f3 que la secretar\u00eda \u201ccontin\u00faa acompa\u00f1ando a productores mexicanos para asegurar las mejores condiciones\u201d.<\/p>\n\n\n\n<p>De aplicarse la cuota compensatoria de 20.91 por ciento, organizaciones mexicanas se\u00f1alaron habr\u00eda un fuerte impacto a la cadena de valor y producci\u00f3n dedicada a la exportaci\u00f3n del jitomate, que equivaldr\u00eda unos 3 mil millones de d\u00f3lares, 2 millones de toneladas de producto y el empleo directo e indirecto de aproximadamente 950 mil personas. Esto tambi\u00e9n encarecer\u00eda el producto en para los consumidores estadunidenses.<\/p>\n\n\n\n<p>Fuente: La <a href=\"https:\/\/www.jornada.com.mx\/noticia\/2025\/07\/03\/politica\/aborda-sader-con-autoridades-de-eu-acuerdo-de-suspension-del-tomate\">Jornada<\/a><\/p>\n\n\n\n<p><\/p>\n","protected":false},"excerpt":{"rendered":"<p>El secretario de Agricultura y Desarrollo Rural (Sader), Julio Berdegu\u00e9, se reuni\u00f3 este jueves en Washington con autoridades y organizaciones productoras estadunidenses para abordar el acuerdo que suspende la investigaci\u00f3n antidumping a la exportaci\u00f3n del jitomate mexicano y evitar la aplicaci\u00f3n de una cuota compensatoria de 21.91 por ciento a partir del 14 de julio. [&hellip;]<\/p>\n","protected":false},"author":35,"featured_media":187555,"comment_status":"open","ping_status":"open","sticky":false,"template":"","format":"standard","meta":{"_monsterinsights_skip_tracking":false,"_monsterinsights_sitenote_active":false,"_monsterinsights_sitenote_note":"","_monsterinsights_sitenote_category":0,"footnotes":""},"categories":[158],"tags":[13229,6009],"class_list":["post-187554","post","type-post","status-publish","format-standard","has-post-thumbnail","hentry","category-politica","tag-jitomate","tag-sader-2","wp-image-borders"],"amp_enabled":true,"_links":{"self":[{"href":"https:\/\/nvnoticias.mx\/index.php\/wp-json\/wp\/v2\/posts\/187554","targetHints":{"allow":["GET"]}}],"collection":[{"href":"https:\/\/nvnoticias.mx\/index.php\/wp-json\/wp\/v2\/posts"}],"about":[{"href":"https:\/\/nvnoticias.mx\/index.php\/wp-json\/wp\/v2\/types\/post"}],"author":[{"embeddable":true,"href":"https:\/\/nvnoticias.mx\/index.php\/wp-json\/wp\/v2\/users\/35"}],"replies":[{"embeddable":true,"href":"https:\/\/nvnoticias.mx\/index.php\/wp-json\/wp\/v2\/comments?post=187554"}],"version-history":[{"count":4,"href":"https:\/\/nvnoticias.mx\/index.php\/wp-json\/wp\/v2\/posts\/187554\/revisions"}],"predecessor-version":[{"id":187559,"href":"https:\/\/nvnoticias.mx\/index.php\/wp-json\/wp\/v2\/posts\/187554\/revisions\/187559"}],"wp:featuredmedia":[{"embeddable":true,"href":"https:\/\/nvnoticias.mx\/index.php\/wp-json\/wp\/v2\/media\/187555"}],"wp:attachment":[{"href":"https:\/\/nvnoticias.mx\/index.php\/wp-json\/wp\/v2\/media?parent=187554"}],"wp:term":[{"taxonomy":"category","embeddable":true,"href":"https:\/\/nvnoticias.mx\/index.php\/wp-json\/wp\/v2\/categories?post=187554"},{"taxonomy":"post_tag","embeddable":true,"href":"https:\/\/nvnoticias.mx\/index.php\/wp-json\/wp\/v2\/tags?post=187554"}],"curies":[{"name":"wp","href":"https:\/\/api.w.org\/{rel}","templated":true}]}}