{"id":187512,"date":"2025-07-04T09:22:36","date_gmt":"2025-07-04T15:22:36","guid":{"rendered":"https:\/\/nvnoticias.mx\/?p=187512"},"modified":"2025-07-04T09:22:38","modified_gmt":"2025-07-04T15:22:38","slug":"empresarios-cierran-filas-para-acelerar-el-plan-mexico","status":"publish","type":"post","link":"https:\/\/nvnoticias.mx\/index.php\/2025\/07\/04\/empresarios-cierran-filas-para-acelerar-el-plan-mexico\/","title":{"rendered":"Empresarios cierran filas para acelerar el Plan M\u00e9xico"},"content":{"rendered":"\n<p>Empresarios mexicanos cerraron ayer filas con la presidenta Claudia Sheinbaum ante la desaceleraci\u00f3n econ\u00f3mica mundial, y acordaron acelerar la consolidaci\u00f3n del Plan M\u00e9xico.<\/p>\n\n\n\n<p>Por la ma\u00f1ana, la Presidenta declar\u00f3 que con esa estrategia se busca en distintos sectores y regiones del pa\u00eds compensar las posibles p\u00e9rdidas que se puedan generar por el momento de incertidumbre que se vive con Estados Unidos.<\/p>\n\n\n\n<p>Por su parte, el secretario de Econom\u00eda, Marcelo Ebrard, consider\u00f3 que el plan fiscal del presidente Donald Trump no afectar\u00e1 a la econom\u00eda mexicana, porque el balance al final es que nuestra ventaja se va a acentuar.<\/p>\n\n\n\n<p>No obstante, tras una reuni\u00f3n vespertina de la mandataria con 12 de los m\u00e1s prominentes empresarios del pa\u00eds, Francisco Cervantes, presidente del Consejo Coordinador Empresarial (CCE), manifest\u00f3 que hay preocupaci\u00f3n por c\u00f3mo Trump ha transformado la din\u00e1mica econ\u00f3mica y comercial, pero M\u00e9xico est\u00e1 en punto y aparte, con un ritmo muy importante y venimos a ver c\u00f3mo lo mantenemos.<\/p>\n\n\n\n<p>Revel\u00f3 que el objetivo de esta reuni\u00f3n, a la cual acudieron, entre otros, Carlos Slim (Grupo Carso), Daniel Servitje (Grupo Bimbo), Antonio Chedraui (Grupo Comercial Chedraui), Guadalupe de la Vega Arizpe (Grupo de la Vega), Salvador Daniel Kabbaz (Fibra Danhos) y Juan Pablo del Valle, presidente de Oribia, as\u00ed como la secretaria de Gobernaci\u00f3n, Rosa Icela Rodr\u00edguez, fue sumar con la Presidenta y analizar c\u00f3mo podemos acelerar m\u00e1s el Plan M\u00e9xico.<\/p>\n\n\n\n<p>Fuente: La <a href=\"https:\/\/www.jornada.com.mx\/noticia\/2025\/07\/04\/politica\/empresarios-cierran-filas-para-acelerar-el-plan-mexico\">Jornada<\/a><\/p>\n\n\n\n<p><\/p>\n","protected":false},"excerpt":{"rendered":"<p>Empresarios mexicanos cerraron ayer filas con la presidenta Claudia Sheinbaum ante la desaceleraci\u00f3n econ\u00f3mica mundial, y acordaron acelerar la consolidaci\u00f3n del Plan M\u00e9xico. Por la ma\u00f1ana, la Presidenta declar\u00f3 que con esa estrategia se busca en distintos sectores y regiones del pa\u00eds compensar las posibles p\u00e9rdidas que se puedan generar por el momento de incertidumbre [&hellip;]<\/p>\n","protected":false},"author":35,"featured_media":187513,"comment_status":"open","ping_status":"open","sticky":false,"template":"","format":"standard","meta":{"_monsterinsights_skip_tracking":false,"_monsterinsights_sitenote_active":false,"_monsterinsights_sitenote_note":"","_monsterinsights_sitenote_category":0,"footnotes":""},"categories":[158],"tags":[2801,301,8079,162],"class_list":["post-187512","post","type-post","status-publish","format-standard","has-post-thumbnail","hentry","category-politica","tag-claudia-sheinbaum","tag-empresarios","tag-plan-mexico","tag-portada","wp-image-borders"],"amp_enabled":true,"_links":{"self":[{"href":"https:\/\/nvnoticias.mx\/index.php\/wp-json\/wp\/v2\/posts\/187512","targetHints":{"allow":["GET"]}}],"collection":[{"href":"https:\/\/nvnoticias.mx\/index.php\/wp-json\/wp\/v2\/posts"}],"about":[{"href":"https:\/\/nvnoticias.mx\/index.php\/wp-json\/wp\/v2\/types\/post"}],"author":[{"embeddable":true,"href":"https:\/\/nvnoticias.mx\/index.php\/wp-json\/wp\/v2\/users\/35"}],"replies":[{"embeddable":true,"href":"https:\/\/nvnoticias.mx\/index.php\/wp-json\/wp\/v2\/comments?post=187512"}],"version-history":[{"count":4,"href":"https:\/\/nvnoticias.mx\/index.php\/wp-json\/wp\/v2\/posts\/187512\/revisions"}],"predecessor-version":[{"id":187517,"href":"https:\/\/nvnoticias.mx\/index.php\/wp-json\/wp\/v2\/posts\/187512\/revisions\/187517"}],"wp:featuredmedia":[{"embeddable":true,"href":"https:\/\/nvnoticias.mx\/index.php\/wp-json\/wp\/v2\/media\/187513"}],"wp:attachment":[{"href":"https:\/\/nvnoticias.mx\/index.php\/wp-json\/wp\/v2\/media?parent=187512"}],"wp:term":[{"taxonomy":"category","embeddable":true,"href":"https:\/\/nvnoticias.mx\/index.php\/wp-json\/wp\/v2\/categories?post=187512"},{"taxonomy":"post_tag","embeddable":true,"href":"https:\/\/nvnoticias.mx\/index.php\/wp-json\/wp\/v2\/tags?post=187512"}],"curies":[{"name":"wp","href":"https:\/\/api.w.org\/{rel}","templated":true}]}}