{"id":187506,"date":"2025-07-04T09:15:53","date_gmt":"2025-07-04T15:15:53","guid":{"rendered":"https:\/\/nvnoticias.mx\/?p=187506"},"modified":"2025-07-04T09:15:55","modified_gmt":"2025-07-04T15:15:55","slug":"en-2036-el-imss-enfrentara-insuficiencia-financiera","status":"publish","type":"post","link":"https:\/\/nvnoticias.mx\/index.php\/2025\/07\/04\/en-2036-el-imss-enfrentara-insuficiencia-financiera\/","title":{"rendered":"En 2036 el IMSS enfrentar\u00e1 insuficiencia financiera"},"content":{"rendered":"\n<p>Por primera vez en ocho a\u00f1os, el Instituto Mexicano del Seguro Social (IMSS) redujo su estimaci\u00f3n de suficiencia financiera, al advertir que s\u00f3lo tendr\u00e1 recursos suficientes para cubrir sus gastos hasta 2036. As\u00ed lo revela el Informe al Ejecutivo Federal y al Congreso de la Uni\u00f3n sobre la Situaci\u00f3n Financiera y los Riesgos del IMSS 2024-2025, enviado a la Comisi\u00f3n Permanente del Congreso.<\/p>\n\n\n\n<p>Este ajuste se debe, principalmente, a la disminuci\u00f3n en la expectativa de empleo formal, que afecta directamente las proyecciones de ingresos del Instituto. La estimaci\u00f3n de crecimiento de plazas laborales para 2025 fue reducida de 2 por ciento a 0.6 por ciento.<\/p>\n\n\n\n<p>Adem\u00e1s, desde hace tres a\u00f1os se han incrementado de manera significativa los recursos destinados a proyectos con impacto en los tres niveles de atenci\u00f3n m\u00e9dica, lo cual tambi\u00e9n ha elevado los gastos, se\u00f1ala el informe al Ejecutivo federal y al Congreso de la Uni\u00f3n sobre la situaci\u00f3n financiera y los riesgos del IMSS 2024-2025.<\/p>\n\n\n\n<p>El informe destaca la fortalecida inversi\u00f3n en personal m\u00e9dico, equipos, insumos, servicios, obras nuevas, conservaci\u00f3n y mantenimiento de instalaciones. Este esfuerzo ha generado un incremento en el gasto proyectado de m\u00e1s de 286 mil millones de pesos respecto al informe del a\u00f1o anterior.<\/p>\n\n\n\n<p>Fuente: La <a href=\"https:\/\/www.jornada.com.mx\/noticia\/2025\/07\/04\/politica\/en-2036-el-imss-enfrentara-insuficiencia-financiera\">Jornada<\/a> <\/p>\n","protected":false},"excerpt":{"rendered":"<p>Por primera vez en ocho a\u00f1os, el Instituto Mexicano del Seguro Social (IMSS) redujo su estimaci\u00f3n de suficiencia financiera, al advertir que s\u00f3lo tendr\u00e1 recursos suficientes para cubrir sus gastos hasta 2036. As\u00ed lo revela el Informe al Ejecutivo Federal y al Congreso de la Uni\u00f3n sobre la Situaci\u00f3n Financiera y los Riesgos del IMSS [&hellip;]<\/p>\n","protected":false},"author":35,"featured_media":187507,"comment_status":"open","ping_status":"open","sticky":false,"template":"","format":"standard","meta":{"_monsterinsights_skip_tracking":false,"_monsterinsights_sitenote_active":false,"_monsterinsights_sitenote_note":"","_monsterinsights_sitenote_category":0,"footnotes":""},"categories":[158],"tags":[365,162],"class_list":["post-187506","post","type-post","status-publish","format-standard","has-post-thumbnail","hentry","category-politica","tag-imss","tag-portada","wp-image-borders"],"amp_enabled":true,"_links":{"self":[{"href":"https:\/\/nvnoticias.mx\/index.php\/wp-json\/wp\/v2\/posts\/187506","targetHints":{"allow":["GET"]}}],"collection":[{"href":"https:\/\/nvnoticias.mx\/index.php\/wp-json\/wp\/v2\/posts"}],"about":[{"href":"https:\/\/nvnoticias.mx\/index.php\/wp-json\/wp\/v2\/types\/post"}],"author":[{"embeddable":true,"href":"https:\/\/nvnoticias.mx\/index.php\/wp-json\/wp\/v2\/users\/35"}],"replies":[{"embeddable":true,"href":"https:\/\/nvnoticias.mx\/index.php\/wp-json\/wp\/v2\/comments?post=187506"}],"version-history":[{"count":4,"href":"https:\/\/nvnoticias.mx\/index.php\/wp-json\/wp\/v2\/posts\/187506\/revisions"}],"predecessor-version":[{"id":187511,"href":"https:\/\/nvnoticias.mx\/index.php\/wp-json\/wp\/v2\/posts\/187506\/revisions\/187511"}],"wp:featuredmedia":[{"embeddable":true,"href":"https:\/\/nvnoticias.mx\/index.php\/wp-json\/wp\/v2\/media\/187507"}],"wp:attachment":[{"href":"https:\/\/nvnoticias.mx\/index.php\/wp-json\/wp\/v2\/media?parent=187506"}],"wp:term":[{"taxonomy":"category","embeddable":true,"href":"https:\/\/nvnoticias.mx\/index.php\/wp-json\/wp\/v2\/categories?post=187506"},{"taxonomy":"post_tag","embeddable":true,"href":"https:\/\/nvnoticias.mx\/index.php\/wp-json\/wp\/v2\/tags?post=187506"}],"curies":[{"name":"wp","href":"https:\/\/api.w.org\/{rel}","templated":true}]}}