{"id":187284,"date":"2025-07-02T12:21:35","date_gmt":"2025-07-02T18:21:35","guid":{"rendered":"https:\/\/nvnoticias.mx\/?p=187284"},"modified":"2025-07-02T12:21:37","modified_gmt":"2025-07-02T18:21:37","slug":"suprema-corte-de-wisconsin-anula-prohibicion-del-aborto-del-siglo-xix","status":"publish","type":"post","link":"https:\/\/nvnoticias.mx\/index.php\/2025\/07\/02\/suprema-corte-de-wisconsin-anula-prohibicion-del-aborto-del-siglo-xix\/","title":{"rendered":"Suprema Corte de Wisconsin anula prohibici\u00f3n del aborto del siglo XIX"},"content":{"rendered":"\n<p>La mayor\u00eda liberal de la Suprema Corte de Wisconsin anul\u00f3 este mi\u00e9rcoles la prohibici\u00f3n del aborto vigente durante 176 a\u00f1os en el estado, al dictaminar 4-3 que fue remplazada por leyes estatales m\u00e1s nuevas que regulan el procedimiento, incluyendo estatutos que penalizan los abortos s\u00f3lo despu\u00e9s de que un feto pueda sobrevivir fuera del \u00fatero.<\/p>\n\n\n\n<p>El fallo no sorprendi\u00f3, dado que los jueces liberales controlan la corte. Una de ellas lleg\u00f3 incluso a prometer defender el derecho al aborto durante su campa\u00f1a hace dos a\u00f1os, y critic\u00f3 duramente la prohibici\u00f3n durante los argumentos orales en noviembre.<\/p>\n\n\n\n<p>El estatuto que los legisladores de Wisconsin adoptaron en 1849, ampliamente interpretado como una prohibici\u00f3n casi total de los abortos, convirti\u00f3 en delito que cualquier persona que no fuera la madre o un m\u00e9dico en una emergencia m\u00e9dica destruyera \u201cun ni\u00f1o no nacido\u201d.<\/p>\n\n\n\n<p>La prohibici\u00f3n estuvo vigente hasta 1973, cuando la hist\u00f3rica decisi\u00f3n Roe v. Wade de la Suprema Corte de Estados Unidos, que legaliz\u00f3 el aborto en todo el pa\u00eds, la anul\u00f3. Sin embargo, los legisladores nunca la derogaron oficialmente, y los conservadores argumentaron que la decisi\u00f3n del m\u00e1ximo tribunal de 2022 de anular a Roe la reactiv\u00f3.<\/p>\n\n\n\n<p>Fuente: La <a href=\"https:\/\/www.jornada.com.mx\/noticia\/2025\/07\/02\/sociedad\/suprema-corte-de-wisconsin-anula-prohibicion-del-aborto-del-siglo-xix\">Jornada<\/a> <\/p>\n","protected":false},"excerpt":{"rendered":"<p>La mayor\u00eda liberal de la Suprema Corte de Wisconsin anul\u00f3 este mi\u00e9rcoles la prohibici\u00f3n del aborto vigente durante 176 a\u00f1os en el estado, al dictaminar 4-3 que fue remplazada por leyes estatales m\u00e1s nuevas que regulan el procedimiento, incluyendo estatutos que penalizan los abortos s\u00f3lo despu\u00e9s de que un feto pueda sobrevivir fuera del \u00fatero. [&hellip;]<\/p>\n","protected":false},"author":35,"featured_media":187285,"comment_status":"open","ping_status":"open","sticky":false,"template":"","format":"standard","meta":{"_monsterinsights_skip_tracking":false,"_monsterinsights_sitenote_active":false,"_monsterinsights_sitenote_note":"","_monsterinsights_sitenote_category":0,"footnotes":""},"categories":[181],"tags":[1273,5460],"class_list":["post-187284","post","type-post","status-publish","format-standard","has-post-thumbnail","hentry","category-internacional","tag-aborto","tag-suprema-corte","wp-image-borders"],"amp_enabled":true,"_links":{"self":[{"href":"https:\/\/nvnoticias.mx\/index.php\/wp-json\/wp\/v2\/posts\/187284","targetHints":{"allow":["GET"]}}],"collection":[{"href":"https:\/\/nvnoticias.mx\/index.php\/wp-json\/wp\/v2\/posts"}],"about":[{"href":"https:\/\/nvnoticias.mx\/index.php\/wp-json\/wp\/v2\/types\/post"}],"author":[{"embeddable":true,"href":"https:\/\/nvnoticias.mx\/index.php\/wp-json\/wp\/v2\/users\/35"}],"replies":[{"embeddable":true,"href":"https:\/\/nvnoticias.mx\/index.php\/wp-json\/wp\/v2\/comments?post=187284"}],"version-history":[{"count":1,"href":"https:\/\/nvnoticias.mx\/index.php\/wp-json\/wp\/v2\/posts\/187284\/revisions"}],"predecessor-version":[{"id":187286,"href":"https:\/\/nvnoticias.mx\/index.php\/wp-json\/wp\/v2\/posts\/187284\/revisions\/187286"}],"wp:featuredmedia":[{"embeddable":true,"href":"https:\/\/nvnoticias.mx\/index.php\/wp-json\/wp\/v2\/media\/187285"}],"wp:attachment":[{"href":"https:\/\/nvnoticias.mx\/index.php\/wp-json\/wp\/v2\/media?parent=187284"}],"wp:term":[{"taxonomy":"category","embeddable":true,"href":"https:\/\/nvnoticias.mx\/index.php\/wp-json\/wp\/v2\/categories?post=187284"},{"taxonomy":"post_tag","embeddable":true,"href":"https:\/\/nvnoticias.mx\/index.php\/wp-json\/wp\/v2\/tags?post=187284"}],"curies":[{"name":"wp","href":"https:\/\/api.w.org\/{rel}","templated":true}]}}