{"id":187004,"date":"2025-06-30T10:17:44","date_gmt":"2025-06-30T16:17:44","guid":{"rendered":"https:\/\/nvnoticias.mx\/?p=187004"},"modified":"2025-06-30T10:17:46","modified_gmt":"2025-06-30T16:17:46","slug":"sheinbaum-confirma-a-lopez-gatell-como-representante-de-mexico-en-la-oms","status":"publish","type":"post","link":"https:\/\/nvnoticias.mx\/index.php\/2025\/06\/30\/sheinbaum-confirma-a-lopez-gatell-como-representante-de-mexico-en-la-oms\/","title":{"rendered":"Sheinbaum confirma a L\u00f3pez-Gatell como representante de M\u00e9xico en la OMS"},"content":{"rendered":"\n<p>La presidenta Claudia Sheinbaum confirm\u00f3 este lunes que ella propuso que el ex subsecretario de Salud,\u00a0Hugo L\u00f3pez-Gatell, sea el representante de M\u00e9xico\u00a0ante la Organizaci\u00f3n Mundial de la Salud (OMS).<\/p>\n\n\n\n<p>\u201cYo lo nombr\u00e9, s\u00ed. Yo lo propuse. Sin problema lo puedo decir, con gusto. La fecha en donde \u00e9l se ir\u00eda&#8230; no tengo exactamente la fecha, pero es como representante de M\u00e9xico ante la Organizaci\u00f3n Mundial de la Salud\u201d, puntualiz\u00f3 la mandataria, y a\u00f1adi\u00f3 que no se requiere un nombramiento por parte del Senado.<\/p>\n\n\n\n<p>Apenas el fin de semana, el presidente del Senado Gerardo Fern\u00e1ndez Noro\u00f1a expuso que no ha recibido ning\u00fan documento para&nbsp;<strong>confirmar el nombramiento de Gatell ante la OMS<\/strong>, y afirm\u00f3 que el Senado s\u00ed debe hacer la confirmaci\u00f3n.<\/p>\n\n\n\n<p>La elecci\u00f3n de Hugo L\u00f3pez-Gatell en este puesto ante la OMS fue informado previamente por Mar\u00eda Elena \u00c1lvarez-Buylla, extitular del CONAHCYT, en una publicaci\u00f3n hecha en X (antes Twitter), donde felicit\u00f3 al funcionario.<br><br>Fuente: El <a href=\"https:\/\/www.elfinanciero.com.mx\/nacional\/2025\/06\/30\/sheinbaum-confirma-a-hugo-lopez-gatell-como-representante-de-mexico-en-la-oms\/\">Financiero<\/a><br><\/p>\n\n\n\n<p><\/p>\n","protected":false},"excerpt":{"rendered":"<p>La presidenta Claudia Sheinbaum confirm\u00f3 este lunes que ella propuso que el ex subsecretario de Salud,\u00a0Hugo L\u00f3pez-Gatell, sea el representante de M\u00e9xico\u00a0ante la Organizaci\u00f3n Mundial de la Salud (OMS). \u201cYo lo nombr\u00e9, s\u00ed. Yo lo propuse. Sin problema lo puedo decir, con gusto. La fecha en donde \u00e9l se ir\u00eda&#8230; no tengo exactamente la fecha, [&hellip;]<\/p>\n","protected":false},"author":35,"featured_media":187009,"comment_status":"open","ping_status":"open","sticky":false,"template":"","format":"standard","meta":{"_monsterinsights_skip_tracking":false,"_monsterinsights_sitenote_active":false,"_monsterinsights_sitenote_note":"","_monsterinsights_sitenote_category":0,"footnotes":""},"categories":[158],"tags":[2801,1010,739,162],"class_list":["post-187004","post","type-post","status-publish","format-standard","has-post-thumbnail","hentry","category-politica","tag-claudia-sheinbaum","tag-hugo-lopez-gatell","tag-oms","tag-portada","wp-image-borders"],"amp_enabled":true,"_links":{"self":[{"href":"https:\/\/nvnoticias.mx\/index.php\/wp-json\/wp\/v2\/posts\/187004","targetHints":{"allow":["GET"]}}],"collection":[{"href":"https:\/\/nvnoticias.mx\/index.php\/wp-json\/wp\/v2\/posts"}],"about":[{"href":"https:\/\/nvnoticias.mx\/index.php\/wp-json\/wp\/v2\/types\/post"}],"author":[{"embeddable":true,"href":"https:\/\/nvnoticias.mx\/index.php\/wp-json\/wp\/v2\/users\/35"}],"replies":[{"embeddable":true,"href":"https:\/\/nvnoticias.mx\/index.php\/wp-json\/wp\/v2\/comments?post=187004"}],"version-history":[{"count":6,"href":"https:\/\/nvnoticias.mx\/index.php\/wp-json\/wp\/v2\/posts\/187004\/revisions"}],"predecessor-version":[{"id":187011,"href":"https:\/\/nvnoticias.mx\/index.php\/wp-json\/wp\/v2\/posts\/187004\/revisions\/187011"}],"wp:featuredmedia":[{"embeddable":true,"href":"https:\/\/nvnoticias.mx\/index.php\/wp-json\/wp\/v2\/media\/187009"}],"wp:attachment":[{"href":"https:\/\/nvnoticias.mx\/index.php\/wp-json\/wp\/v2\/media?parent=187004"}],"wp:term":[{"taxonomy":"category","embeddable":true,"href":"https:\/\/nvnoticias.mx\/index.php\/wp-json\/wp\/v2\/categories?post=187004"},{"taxonomy":"post_tag","embeddable":true,"href":"https:\/\/nvnoticias.mx\/index.php\/wp-json\/wp\/v2\/tags?post=187004"}],"curies":[{"name":"wp","href":"https:\/\/api.w.org\/{rel}","templated":true}]}}