{"id":186991,"date":"2025-06-30T08:28:08","date_gmt":"2025-06-30T14:28:08","guid":{"rendered":"https:\/\/nvnoticias.mx\/?p=186991"},"modified":"2025-06-30T08:28:10","modified_gmt":"2025-06-30T14:28:10","slug":"adios-al-coneval","status":"publish","type":"post","link":"https:\/\/nvnoticias.mx\/index.php\/2025\/06\/30\/adios-al-coneval\/","title":{"rendered":"Adi\u00f3s al CONEVAL"},"content":{"rendered":"\n<p><\/p>\n\n\n\n<figure class=\"wp-block-pullquote\"><blockquote><p><strong>Edgard Gonz\u00e1lez Su\u00e1rez<\/strong><\/p><\/blockquote><\/figure>\n\n\n\n<p>El CONEVAL fue creado en 2005, era un \u00f3rgano p\u00fablico pensado para garantizar el derecho al desarrollo social, evaluar las pol\u00edticas p\u00fablicas y medir mediante metodolog\u00edas especializadas los \u00edndices de desigualdad y pobreza. Surgi\u00f3 en pleno auge del neoliberalismo que creo organismos \u201caut\u00f3nomos\u201d para que evaluaran el desempe\u00f1o del Estado en ciertas \u00e1reas energ\u00eda, telecomunicaciones, desarrollo social, etc.<\/p>\n\n\n\n<p>Pero esto lo deber\u00e1 seguir haciendo el INEGI, por lo menos esa es la idea del gobierno, y el INEGI es una de las instituciones m\u00e1s confiables y profesionales en su desempe\u00f1o t\u00e9cnico, y adem\u00e1s es uno de los organismos aut\u00f3nomos que se mantuvo como tal en la ola de eliminaci\u00f3n de los organismos aut\u00f3nomos acusados de despilfarradores, y corruptos.<\/p>\n\n\n\n<p>Para la oposici\u00f3n la desaparici\u00f3n del CONEVAL rechaza los argumentos de &#8220;simplificaci\u00f3n administrativa&#8221;, &#8220;austeridad republicana&#8221; y &#8220;evitar duplicidad de funciones\u201d, en el fondo est\u00e1n convencidos de eliminar un contrapeso t\u00e9cnico al r\u00e9gimen en materia de pol\u00edtica social.<\/p>\n\n\n\n<p>Sin embargo, a m\u00ed me parece que la estridencia de la oposici\u00f3n es tambi\u00e9n una estridencia pol\u00edtica para desacreditar cualquier iniciativa del gobierno, para ellos cualquier iniciativa siempre es turbia, oscura, atenta contra la poblaci\u00f3n y en consecuencia siempre las acciones del gobierno son nocivas para la vida p\u00fablica. No hay nada que asegure que el INEGI solo \u201char\u00e1 estad\u00edsticas\u201d, no hay nada que ahorita nos confirme que el INEGI no har\u00e1 diagn\u00f3sticos, ni evaluaciones ni recomendaciones. El INEGI tendr\u00e1 los recursos y las capacidades necesarias, las funciones de evaluaci\u00f3n social para monitorear de la pol\u00edtica social.<\/p>\n\n\n\n<p>Y curiosamente, los defensores del CONEVAL se\u00f1alan al gobierno de hacer propaganda y el gobierno acusa a los partidos opositores y \u201csociedad civil\u201d de montar su propia propaganda en contra de toda acci\u00f3n del gobierno federal.<\/p>\n\n\n\n<p>la C\u00e1mara de Senadores aprob\u00f3 por 73 votos de Morena, PVEM y PT, y 34 del PAN, PRI y MC en contra, el decreto por el que se modific\u00f3 la Ley General de Desarrollo Social, Ley Federal de Presupuesto y Responsabilidad Hacendaria y la Ley General de Contabilidad Gubernamental, con el prop\u00f3sito expreso de simplificar varias acciones y tareas que realizaba el Consejo Nacional de Evaluaci\u00f3n de la Pol\u00edtica de Desarrollo Social (Coneval), cuyas funciones asumir\u00e1 el Instituto Nacional de Estad\u00edstica y Geograf\u00eda (INEGI).<\/p>\n\n\n\n<p>Los datos sobre el desarrollo social y la medici\u00f3n de la pobreza han quedado a cargo del INEGI.<\/p>\n\n\n\n<p>La reforma pretende mejorar la eficacia y eficiencia de los procesos relacionados con la medici\u00f3n de la pobreza y la evaluaci\u00f3n de la Pol\u00edtica de Desarrollo Social (PDS). Los cambios a la Ley General de Desarrollo Social implican que estas mediciones seguir\u00e1n realiz\u00e1ndose, pero ampliando las competencias y funciones del INEGI, con el objetivo de que los par\u00e1metros y mediciones de referencia sirvan a afinar los objetivos y reducir las desigualdades sociales y promover el desarrollo sostenible<\/p>\n\n\n\n<p>Es decir, los par\u00e1metros de referencia seguir\u00e1n siendo evaluados constantemente, pero ahora en vez de que sea el CONEVAL, dicha evaluaci\u00f3n ser\u00e1 tarea especifica del INEGI.<\/p>\n\n\n\n<p>La derecha, como ha sido postura desde siempre, ha defendido a sus llamados organismos aut\u00f3nomos, especialmente aquellos con los cuales los amigos del PRIAN hac\u00edan negocios particulares. Para ellos la extinci\u00f3n del CONEVAL es un acto que atenta contra la transparencia, atenta contra la participaci\u00f3n ciudadana, atenta contra los equilibrios pol\u00edticos dentro del estado y finalmente es calificado como un atentado contra la rendici\u00f3n de cuentas.<\/p>\n\n\n\n<p>Ahora tenemos dos visiones enfrentadas, sin embargo, una mayoritaria que avala la desaparici\u00f3n del CONEVAL y otra minoritaria que denuncia dicho acto, y acusa al gobierno de querer ocultar la \u201cdesgracia\u201d que viven millones de mexicanos en nuestro pa\u00eds.<\/p>\n\n\n\n<p>Por ahora, hay que decirle adi\u00f3s al CONEVAL y vamos a esperar cual es el desempe\u00f1o del INEGI en esta necesaria y estrat\u00e9gica tarea de evaluar la desigualdad social.<\/p>\n","protected":false},"excerpt":{"rendered":"<p>Edgard Gonz\u00e1lez Su\u00e1rez El CONEVAL fue creado en 2005, era un \u00f3rgano p\u00fablico pensado para garantizar el derecho al desarrollo social, evaluar las pol\u00edticas p\u00fablicas y medir mediante metodolog\u00edas especializadas los \u00edndices de desigualdad y pobreza. Surgi\u00f3 en pleno auge del neoliberalismo que creo organismos \u201caut\u00f3nomos\u201d para que evaluaran el desempe\u00f1o del Estado en ciertas [&hellip;]<\/p>\n","protected":false},"author":26,"featured_media":186987,"comment_status":"open","ping_status":"open","sticky":false,"template":"","format":"standard","meta":{"_monsterinsights_skip_tracking":false,"_monsterinsights_sitenote_active":false,"_monsterinsights_sitenote_note":"","_monsterinsights_sitenote_category":0,"footnotes":""},"categories":[242],"tags":[702],"class_list":["post-186991","post","type-post","status-publish","format-standard","has-post-thumbnail","hentry","category-macroscopio","tag-edgard-gonzalez-suarez","wp-image-borders"],"amp_enabled":true,"_links":{"self":[{"href":"https:\/\/nvnoticias.mx\/index.php\/wp-json\/wp\/v2\/posts\/186991","targetHints":{"allow":["GET"]}}],"collection":[{"href":"https:\/\/nvnoticias.mx\/index.php\/wp-json\/wp\/v2\/posts"}],"about":[{"href":"https:\/\/nvnoticias.mx\/index.php\/wp-json\/wp\/v2\/types\/post"}],"author":[{"embeddable":true,"href":"https:\/\/nvnoticias.mx\/index.php\/wp-json\/wp\/v2\/users\/26"}],"replies":[{"embeddable":true,"href":"https:\/\/nvnoticias.mx\/index.php\/wp-json\/wp\/v2\/comments?post=186991"}],"version-history":[{"count":1,"href":"https:\/\/nvnoticias.mx\/index.php\/wp-json\/wp\/v2\/posts\/186991\/revisions"}],"predecessor-version":[{"id":186992,"href":"https:\/\/nvnoticias.mx\/index.php\/wp-json\/wp\/v2\/posts\/186991\/revisions\/186992"}],"wp:featuredmedia":[{"embeddable":true,"href":"https:\/\/nvnoticias.mx\/index.php\/wp-json\/wp\/v2\/media\/186987"}],"wp:attachment":[{"href":"https:\/\/nvnoticias.mx\/index.php\/wp-json\/wp\/v2\/media?parent=186991"}],"wp:term":[{"taxonomy":"category","embeddable":true,"href":"https:\/\/nvnoticias.mx\/index.php\/wp-json\/wp\/v2\/categories?post=186991"},{"taxonomy":"post_tag","embeddable":true,"href":"https:\/\/nvnoticias.mx\/index.php\/wp-json\/wp\/v2\/tags?post=186991"}],"curies":[{"name":"wp","href":"https:\/\/api.w.org\/{rel}","templated":true}]}}