{"id":186947,"date":"2025-06-29T08:19:00","date_gmt":"2025-06-29T14:19:00","guid":{"rendered":"https:\/\/nvnoticias.mx\/?p=186947"},"modified":"2025-06-29T01:20:47","modified_gmt":"2025-06-29T07:20:47","slug":"vinculan-a-ex-fiscal-de-personas-desaparecidas-en-qr-por-omision-y-negligencia","status":"publish","type":"post","link":"https:\/\/nvnoticias.mx\/index.php\/2025\/06\/29\/vinculan-a-ex-fiscal-de-personas-desaparecidas-en-qr-por-omision-y-negligencia\/","title":{"rendered":"Vinculan a ex fiscal de personas desaparecidas en QR por omisi\u00f3n y negligencia"},"content":{"rendered":"\n<p>Rosa Mar\u00eda Hern\u00e1ndez, ex titular de la Fiscal\u00eda de Personas Desaparecidas, de la Fiscal\u00eda General del Estado, fue vinculada a proceso por su presunta responsabilidad en los delitos de omisi\u00f3n y negligencia en la inmediata b\u00fasqueda de la joven Francisca Mariner, quien desapareci\u00f3 el 22 de junio de 2020, cuando ten\u00eda 17 a\u00f1os.<\/p>\n\n\n\n<p>Mar\u00eda Patr\u00f3n Pat, madre de Francisca Mariner y presidenta del colectivo Madres Buscadoras por Quintana Roo, inform\u00f3 que el pasado viernes a las 9 de la ma\u00f1ana, inici\u00f3 la audiencia (que dur\u00f3 de 20 horas con 30 minutos) de la ex funcionaria, se\u00f1alada como presunta responsable de no aplicar el protocolo homologado de b\u00fasqueda de personas ausentes.<\/p>\n\n\n\n<p>Detall\u00f3 que no orden\u00f3 la b\u00fasqueda inmediata de la menor, ni investigar el c\u00edrculo familiar de la mujer desaparecida, es decir, el de su ex pareja, quien result\u00f3 ser el responsable, adem\u00e1s declin\u00f3 otorgarle e la calidad de v\u00edctima y tampoco dio la orden de realizar una prueba de prueba de ADN a la abuela de Francisca.<\/p>\n\n\n\n<p>En sus redes sociales, la abogada, Ariadne Song public\u00f3: \u201cDespu\u00e9s de un poco m\u00e1s de 11 horas de audiencia (porque parece que la justicia tambi\u00e9n va con tacones rotos), un juez (por fin) vincul\u00f3 a proceso a una ex funcionaria de la Fiscal\u00eda de Desaparecidos en Canc\u00fan, s\u00ed, le\u00edste bien: de la Fiscal\u00eda de Desaparecidos, por negligencia y omisiones en el caso de Francisca Mariner Flores Patr\u00f3n. Su madre, Mar\u00eda Patr\u00f3n Pat, presidenta de Madres Buscadoras de Quintana Roo, no solo ha tenido que vivir el infierno de buscar a su hija, sino tambi\u00e9n enfrentar la revictimizaci\u00f3n y el desprecio institucional\u201d.<\/p>\n\n\n\n<p>La defensora explica: \u201cPero ojo: esta es apenas la primera de siete personas denunciadas. La cadena de impunidad tiene nombres y cargos, y no nos vamos a quedar callados. Que les quede claro: el cargo no borra la responsabilidad. Si est\u00e1s en una instituci\u00f3n que deber\u00eda protegernos y decides mirar para otro lado, tambi\u00e9n eres parte del problema\u201d.<\/p>\n\n\n\n<p>Se\u00f1al\u00f3: \u201cdesde este espacio feminista, abrazamos a Mar\u00eda y a todas las madres que luchan contra el silencio y el abandono del Estado. Denunciar es doloroso, pero tambi\u00e9n es resistencia. Si t\u00fa o alguien que conoces ha enfrentado negligencia o violencia institucional, alza la voz\u201d.<\/p>\n\n\n\n<p>Fuente: La <a href=\"https:\/\/www.jornada.com.mx\/noticia\/2025\/06\/28\/estados\/vinculan-a-ex-fiscal-de-personas-desaparecidas-en-qr-por-omision-y-negligencia\">Jornada<\/a><\/p>\n\n\n\n<p><\/p>\n","protected":false},"excerpt":{"rendered":"<p>Rosa Mar\u00eda Hern\u00e1ndez, ex titular de la Fiscal\u00eda de Personas Desaparecidas, de la Fiscal\u00eda General del Estado, fue vinculada a proceso por su presunta responsabilidad en los delitos de omisi\u00f3n y negligencia en la inmediata b\u00fasqueda de la joven Francisca Mariner, quien desapareci\u00f3 el 22 de junio de 2020, cuando ten\u00eda 17 a\u00f1os. Mar\u00eda Patr\u00f3n [&hellip;]<\/p>\n","protected":false},"author":35,"featured_media":186951,"comment_status":"open","ping_status":"open","sticky":false,"template":"","format":"standard","meta":{"_monsterinsights_skip_tracking":false,"_monsterinsights_sitenote_active":false,"_monsterinsights_sitenote_note":"","_monsterinsights_sitenote_category":0,"footnotes":""},"categories":[158],"tags":[2313],"class_list":["post-186947","post","type-post","status-publish","format-standard","has-post-thumbnail","hentry","category-politica","tag-quintana-roo","wp-image-borders"],"amp_enabled":true,"_links":{"self":[{"href":"https:\/\/nvnoticias.mx\/index.php\/wp-json\/wp\/v2\/posts\/186947","targetHints":{"allow":["GET"]}}],"collection":[{"href":"https:\/\/nvnoticias.mx\/index.php\/wp-json\/wp\/v2\/posts"}],"about":[{"href":"https:\/\/nvnoticias.mx\/index.php\/wp-json\/wp\/v2\/types\/post"}],"author":[{"embeddable":true,"href":"https:\/\/nvnoticias.mx\/index.php\/wp-json\/wp\/v2\/users\/35"}],"replies":[{"embeddable":true,"href":"https:\/\/nvnoticias.mx\/index.php\/wp-json\/wp\/v2\/comments?post=186947"}],"version-history":[{"count":4,"href":"https:\/\/nvnoticias.mx\/index.php\/wp-json\/wp\/v2\/posts\/186947\/revisions"}],"predecessor-version":[{"id":186952,"href":"https:\/\/nvnoticias.mx\/index.php\/wp-json\/wp\/v2\/posts\/186947\/revisions\/186952"}],"wp:featuredmedia":[{"embeddable":true,"href":"https:\/\/nvnoticias.mx\/index.php\/wp-json\/wp\/v2\/media\/186951"}],"wp:attachment":[{"href":"https:\/\/nvnoticias.mx\/index.php\/wp-json\/wp\/v2\/media?parent=186947"}],"wp:term":[{"taxonomy":"category","embeddable":true,"href":"https:\/\/nvnoticias.mx\/index.php\/wp-json\/wp\/v2\/categories?post=186947"},{"taxonomy":"post_tag","embeddable":true,"href":"https:\/\/nvnoticias.mx\/index.php\/wp-json\/wp\/v2\/tags?post=186947"}],"curies":[{"name":"wp","href":"https:\/\/api.w.org\/{rel}","templated":true}]}}